{"id":5304,"date":"2026-09-04T10:00:44","date_gmt":"2026-09-04T13:00:44","guid":{"rendered":"https:\/\/faculdadeguerra.edu.br\/novosite\/?p=5304"},"modified":"2026-09-04T10:00:45","modified_gmt":"2026-09-04T13:00:45","slug":"psicologia-do-trabalho-por-que-compreender-pessoas-se-tornou-uma-competencia-estrategica-para-as-organizacoes","status":"publish","type":"post","link":"https:\/\/faculdadeguerra.edu.br\/novosite\/psicologia-do-trabalho-por-que-compreender-pessoas-se-tornou-uma-competencia-estrategica-para-as-organizacoes\/","title":{"rendered":"PSICOLOGIA DO TRABALHO: POR QUE COMPREENDER PESSOAS SE TORNOU UMA COMPET\u00caNCIA ESTRAT\u00c9GICA PARA AS ORGANIZA\u00c7\u00d5ES"},"content":{"rendered":"\n<p class=\"wp-block-paragraph\"><\/p>\n\n\n\n<p class=\"wp-block-paragraph\"><strong><em>As transforma\u00e7\u00f5es no mundo profissional ampliam o espa\u00e7o para psic\u00f3logos dentro das empresas<\/em><\/strong><\/p>\n\n\n\n<p class=\"wp-block-paragraph\">Durante muito tempo, a imagem do psic\u00f3logo esteve fortemente associada ao consult\u00f3rio.<\/p>\n\n\n\n<p class=\"wp-block-paragraph\">Essa imagem, por\u00e9m, representa apenas uma parte da profiss\u00e3o.<\/p>\n\n\n\n<p class=\"wp-block-paragraph\">A Psicologia tamb\u00e9m est\u00e1 presente nas organiza\u00e7\u00f5es, nos processos de sele\u00e7\u00e3o, desenvolvimento profissional, avalia\u00e7\u00e3o, lideran\u00e7a, rela\u00e7\u00f5es de trabalho e promo\u00e7\u00e3o de ambientes organizacionais mais saud\u00e1veis.<\/p>\n\n\n\n<p class=\"wp-block-paragraph\">O pr\u00f3prio Conselho Federal de Psicologia reconhece a Psicologia Organizacional e do Trabalho como uma \u00e1rea especializada de atua\u00e7\u00e3o profissional.<\/p>\n\n\n\n<p class=\"wp-block-paragraph\">E o mundo do trabalho est\u00e1 criando novos desafios.<\/p>\n\n\n\n<p class=\"wp-block-paragraph\"><strong>Empresas tamb\u00e9m s\u00e3o ambientes humanos<\/strong><\/p>\n\n\n\n<p class=\"wp-block-paragraph\">Toda organiza\u00e7\u00e3o \u00e9 formada por pessoas.<\/p>\n\n\n\n<p class=\"wp-block-paragraph\">S\u00e3o pessoas que lideram, tomam decis\u00f5es, trabalham em equipe, enfrentam conflitos, estabelecem rela\u00e7\u00f5es de confian\u00e7a, experimentam frustra\u00e7\u00f5es e desenvolvem projetos.<\/p>\n\n\n\n<p class=\"wp-block-paragraph\">Por isso, compreender comportamento humano deixou de ser uma quest\u00e3o exclusivamente individual.<\/p>\n\n\n\n<p class=\"wp-block-paragraph\">\u00c9 tamb\u00e9m uma quest\u00e3o organizacional.<\/p>\n\n\n\n<p class=\"wp-block-paragraph\">Como motivar equipes?<\/p>\n\n\n\n<p class=\"wp-block-paragraph\">Como lidar com conflitos?<\/p>\n\n\n\n<p class=\"wp-block-paragraph\">Como identificar situa\u00e7\u00f5es que prejudicam o ambiente de trabalho?<\/p>\n\n\n\n<p class=\"wp-block-paragraph\">Como desenvolver lideran\u00e7as?<\/p>\n\n\n\n<p class=\"wp-block-paragraph\">Como promover rela\u00e7\u00f5es profissionais mais saud\u00e1veis?<\/p>\n\n\n\n<p class=\"wp-block-paragraph\">Essas perguntas colocam a Psicologia no centro de importantes decis\u00f5es das organiza\u00e7\u00f5es.<\/p>\n\n\n\n<p class=\"wp-block-paragraph\"><strong>A intelig\u00eancia artificial tamb\u00e9m chegou ao trabalho<\/strong><\/p>\n\n\n\n<p class=\"wp-block-paragraph\">A transforma\u00e7\u00e3o tecnol\u00f3gica acrescenta outra camada ao problema.<\/p>\n\n\n\n<p class=\"wp-block-paragraph\">Profiss\u00f5es est\u00e3o mudando. Fun\u00e7\u00f5es est\u00e3o sendo automatizadas. Novas compet\u00eancias s\u00e3o exigidas.<\/p>\n\n\n\n<p class=\"wp-block-paragraph\">Nesse cen\u00e1rio, compreender a rela\u00e7\u00e3o das pessoas com tecnologia torna-se cada vez mais importante.<\/p>\n\n\n\n<p class=\"wp-block-paragraph\">O profissional de Psicologia ter\u00e1 de lidar com quest\u00f5es como adapta\u00e7\u00e3o \u00e0s mudan\u00e7as, identidade profissional, inseguran\u00e7a, novas formas de trabalho e rela\u00e7\u00f5es entre seres humanos e m\u00e1quinas.<\/p>\n\n\n\n<p class=\"wp-block-paragraph\"><strong>Psicologia al\u00e9m do consult\u00f3rio<\/strong><\/p>\n\n\n\n<p class=\"wp-block-paragraph\">A forma\u00e7\u00e3o em Psicologia abre possibilidades de atua\u00e7\u00e3o em diferentes campos.<\/p>\n\n\n\n<p class=\"wp-block-paragraph\">O CFP reconhece especialidades como Psicologia Escolar\/Educacional, Psicologia Organizacional e do Trabalho, Psicologia Jur\u00eddica, Psicologia de Tr\u00e2nsito, entre outras.<\/p>\n\n\n\n<p class=\"wp-block-paragraph\">Isso revela a amplitude da profiss\u00e3o.<\/p>\n\n\n\n<p class=\"wp-block-paragraph\">O psic\u00f3logo pode trabalhar com indiv\u00edduos, grupos, institui\u00e7\u00f5es, organiza\u00e7\u00f5es, pol\u00edticas p\u00fablicas e diferentes contextos sociais.<\/p>\n\n\n\n<p class=\"wp-block-paragraph\"><strong>Faculdade Guerra<\/strong><\/p>\n\n\n\n<p class=\"wp-block-paragraph\">Com <strong><a href=\"https:\/\/faculdadeguerra.edu.br\/novosite\/faculdade-de-psicologia\/\">o novo curso de Psicologia,<\/a><\/strong> a Faculdade Guerra pretende participar da forma\u00e7\u00e3o de profissionais preparados para essa realidade.<\/p>\n\n\n\n<p class=\"wp-block-paragraph\"><\/p>\n\n\n\n<p class=\"wp-block-paragraph\">Porque o mercado pode mudar.<\/p>\n\n\n\n<p class=\"wp-block-paragraph\">As tecnologias podem mudar.<\/p>\n\n\n\n<p class=\"wp-block-paragraph\">As profiss\u00f5es podem mudar.<\/p>\n\n\n\n<p class=\"wp-block-paragraph\"><strong>Mas enquanto existirem pessoas trabalhando juntas, tomando decis\u00f5es, enfrentando conflitos e construindo rela\u00e7\u00f5es, haver\u00e1 espa\u00e7o para quem compreende o comportamento humano.<\/strong><\/p>\n\n\n\n<p class=\"wp-block-paragraph\"><\/p>\n","protected":false},"excerpt":{"rendered":"<p>As transforma\u00e7\u00f5es no mundo profissional ampliam o espa\u00e7o para psic\u00f3logos dentro das empresas Durante muito tempo, a imagem do psic\u00f3logo esteve fortemente associada ao consult\u00f3rio. Essa imagem, por\u00e9m, representa apenas uma parte da profiss\u00e3o. A Psicologia tamb\u00e9m est\u00e1 presente nas organiza\u00e7\u00f5es, nos processos de sele\u00e7\u00e3o, desenvolvimento profissional, avalia\u00e7\u00e3o, lideran\u00e7a, rela\u00e7\u00f5es de trabalho e promo\u00e7\u00e3o de [&hellip;]<\/p>\n","protected":false},"author":2,"featured_media":5305,"comment_status":"closed","ping_status":"open","sticky":false,"template":"","format":"standard","meta":{"_jetpack_newsletter_access":"","_jetpack_dont_email_post_to_subs":false,"_jetpack_newsletter_tier_id":0,"_jetpack_memberships_contains_paywalled_content":false,"_jetpack_feature_clip_id":0,"_jetpack_memberships_contains_paid_content":false,"_joinchat":[],"footnotes":"","jetpack_post_was_ever_published":false},"categories":[331],"tags":[333],"class_list":["post-5304","post","type-post","status-publish","format-standard","has-post-thumbnail","hentry","category-psicologia","tag-destaque-04-09-2026"],"yoast_head":"<!-- This site is optimized with the Yoast SEO plugin v28.4 - https:\/\/yoast.com\/product\/yoast-seo-wordpress\/ -->\n<title>PSICOLOGIA DO TRABALHO: POR QUE COMPREENDER PESSOAS SE TORNOU UMA COMPET\u00caNCIA ESTRAT\u00c9GICA PARA AS ORGANIZA\u00c7\u00d5ES - Faculdade Guerra<\/title>\n<meta name=\"robots\" content=\"index, follow, max-snippet:-1, max-image-preview:large, max-video-preview:-1\" \/>\n<link rel=\"canonical\" href=\"https:\/\/faculdadeguerra.edu.br\/novosite\/psicologia-do-trabalho-por-que-compreender-pessoas-se-tornou-uma-competencia-estrategica-para-as-organizacoes\/\" \/>\n<meta property=\"og:locale\" content=\"pt_BR\" \/>\n<meta property=\"og:type\" content=\"article\" \/>\n<meta property=\"og:title\" content=\"PSICOLOGIA DO TRABALHO: POR QUE COMPREENDER PESSOAS SE TORNOU UMA COMPET\u00caNCIA ESTRAT\u00c9GICA PARA AS ORGANIZA\u00c7\u00d5ES - Faculdade Guerra\" \/>\n<meta property=\"og:description\" content=\"As transforma\u00e7\u00f5es no mundo profissional ampliam o espa\u00e7o para psic\u00f3logos dentro das empresas Durante muito tempo, a imagem do psic\u00f3logo esteve fortemente associada ao consult\u00f3rio. Essa imagem, por\u00e9m, representa apenas uma parte da profiss\u00e3o. A Psicologia tamb\u00e9m est\u00e1 presente nas organiza\u00e7\u00f5es, nos processos de sele\u00e7\u00e3o, desenvolvimento profissional, avalia\u00e7\u00e3o, lideran\u00e7a, rela\u00e7\u00f5es de trabalho e promo\u00e7\u00e3o de [&hellip;]\" \/>\n<meta property=\"og:url\" content=\"https:\/\/faculdadeguerra.edu.br\/novosite\/psicologia-do-trabalho-por-que-compreender-pessoas-se-tornou-uma-competencia-estrategica-para-as-organizacoes\/\" \/>\n<meta property=\"og:site_name\" content=\"Faculdade Guerra\" \/>\n<meta property=\"article:published_time\" content=\"2026-09-04T13:00:44+00:00\" \/>\n<meta property=\"article:modified_time\" content=\"2026-09-04T13:00:45+00:00\" \/>\n<meta property=\"og:image\" content=\"https:\/\/faculdadeguerra.edu.br\/novosite\/wp-content\/uploads\/2026\/09\/Gemini_Generated_Image_dk5bbjdk5bbjdk5b.jpg\" \/>\n\t<meta property=\"og:image:width\" content=\"1376\" \/>\n\t<meta property=\"og:image:height\" content=\"768\" \/>\n\t<meta property=\"og:image:type\" content=\"image\/jpeg\" \/>\n<meta name=\"author\" content=\"Conrado Conrado Vitali\" \/>\n<meta name=\"twitter:card\" content=\"summary_large_image\" \/>\n<meta name=\"twitter:label1\" content=\"Escrito por\" \/>\n\t<meta name=\"twitter:data1\" content=\"Conrado Conrado Vitali\" \/>\n\t<meta name=\"twitter:label2\" content=\"Est. tempo de leitura\" \/>\n\t<meta name=\"twitter:data2\" content=\"3 minutos\" \/>\n<script type=\"application\/ld+json\" class=\"yoast-schema-graph\">{\"@context\":\"https:\\\/\\\/schema.org\",\"@graph\":[{\"@type\":\"Article\",\"@id\":\"https:\\\/\\\/faculdadeguerra.edu.br\\\/novosite\\\/psicologia-do-trabalho-por-que-compreender-pessoas-se-tornou-uma-competencia-estrategica-para-as-organizacoes\\\/#article\",\"isPartOf\":{\"@id\":\"https:\\\/\\\/faculdadeguerra.edu.br\\\/novosite\\\/psicologia-do-trabalho-por-que-compreender-pessoas-se-tornou-uma-competencia-estrategica-para-as-organizacoes\\\/\"},\"author\":{\"name\":\"Conrado Conrado Vitali\",\"@id\":\"https:\\\/\\\/faculdadeguerra.edu.br\\\/novosite\\\/#\\\/schema\\\/person\\\/f91628e3b406ec9f0b0e99b1352d7ecc\"},\"headline\":\"PSICOLOGIA DO TRABALHO: POR QUE COMPREENDER PESSOAS SE TORNOU UMA COMPET\u00caNCIA ESTRAT\u00c9GICA PARA AS ORGANIZA\u00c7\u00d5ES\",\"datePublished\":\"2026-09-04T13:00:44+00:00\",\"dateModified\":\"2026-09-04T13:00:45+00:00\",\"mainEntityOfPage\":{\"@id\":\"https:\\\/\\\/faculdadeguerra.edu.br\\\/novosite\\\/psicologia-do-trabalho-por-que-compreender-pessoas-se-tornou-uma-competencia-estrategica-para-as-organizacoes\\\/\"},\"wordCount\":437,\"publisher\":{\"@id\":\"https:\\\/\\\/faculdadeguerra.edu.br\\\/novosite\\\/#organization\"},\"image\":{\"@id\":\"https:\\\/\\\/faculdadeguerra.edu.br\\\/novosite\\\/psicologia-do-trabalho-por-que-compreender-pessoas-se-tornou-uma-competencia-estrategica-para-as-organizacoes\\\/#primaryimage\"},\"thumbnailUrl\":\"https:\\\/\\\/i0.wp.com\\\/faculdadeguerra.edu.br\\\/novosite\\\/wp-content\\\/uploads\\\/2026\\\/09\\\/Gemini_Generated_Image_dk5bbjdk5bbjdk5b.jpg?fit=1376%2C768&ssl=1\",\"keywords\":[\"Destaque 04\\\/09\\\/2026\"],\"articleSection\":[\"Psicologia\"],\"inLanguage\":\"pt-BR\"},{\"@type\":\"WebPage\",\"@id\":\"https:\\\/\\\/faculdadeguerra.edu.br\\\/novosite\\\/psicologia-do-trabalho-por-que-compreender-pessoas-se-tornou-uma-competencia-estrategica-para-as-organizacoes\\\/\",\"url\":\"https:\\\/\\\/faculdadeguerra.edu.br\\\/novosite\\\/psicologia-do-trabalho-por-que-compreender-pessoas-se-tornou-uma-competencia-estrategica-para-as-organizacoes\\\/\",\"name\":\"PSICOLOGIA DO TRABALHO: POR QUE COMPREENDER PESSOAS SE TORNOU UMA COMPET\u00caNCIA ESTRAT\u00c9GICA PARA AS ORGANIZA\u00c7\u00d5ES - Faculdade Guerra\",\"isPartOf\":{\"@id\":\"https:\\\/\\\/faculdadeguerra.edu.br\\\/novosite\\\/#website\"},\"primaryImageOfPage\":{\"@id\":\"https:\\\/\\\/faculdadeguerra.edu.br\\\/novosite\\\/psicologia-do-trabalho-por-que-compreender-pessoas-se-tornou-uma-competencia-estrategica-para-as-organizacoes\\\/#primaryimage\"},\"image\":{\"@id\":\"https:\\\/\\\/faculdadeguerra.edu.br\\\/novosite\\\/psicologia-do-trabalho-por-que-compreender-pessoas-se-tornou-uma-competencia-estrategica-para-as-organizacoes\\\/#primaryimage\"},\"thumbnailUrl\":\"https:\\\/\\\/i0.wp.com\\\/faculdadeguerra.edu.br\\\/novosite\\\/wp-content\\\/uploads\\\/2026\\\/09\\\/Gemini_Generated_Image_dk5bbjdk5bbjdk5b.jpg?fit=1376%2C768&ssl=1\",\"datePublished\":\"2026-09-04T13:00:44+00:00\",\"dateModified\":\"2026-09-04T13:00:45+00:00\",\"breadcrumb\":{\"@id\":\"https:\\\/\\\/faculdadeguerra.edu.br\\\/novosite\\\/psicologia-do-trabalho-por-que-compreender-pessoas-se-tornou-uma-competencia-estrategica-para-as-organizacoes\\\/#breadcrumb\"},\"inLanguage\":\"pt-BR\",\"potentialAction\":[{\"@type\":\"ReadAction\",\"target\":[\"https:\\\/\\\/faculdadeguerra.edu.br\\\/novosite\\\/psicologia-do-trabalho-por-que-compreender-pessoas-se-tornou-uma-competencia-estrategica-para-as-organizacoes\\\/\"]}]},{\"@type\":\"ImageObject\",\"inLanguage\":\"pt-BR\",\"@id\":\"https:\\\/\\\/faculdadeguerra.edu.br\\\/novosite\\\/psicologia-do-trabalho-por-que-compreender-pessoas-se-tornou-uma-competencia-estrategica-para-as-organizacoes\\\/#primaryimage\",\"url\":\"https:\\\/\\\/i0.wp.com\\\/faculdadeguerra.edu.br\\\/novosite\\\/wp-content\\\/uploads\\\/2026\\\/09\\\/Gemini_Generated_Image_dk5bbjdk5bbjdk5b.jpg?fit=1376%2C768&ssl=1\",\"contentUrl\":\"https:\\\/\\\/i0.wp.com\\\/faculdadeguerra.edu.br\\\/novosite\\\/wp-content\\\/uploads\\\/2026\\\/09\\\/Gemini_Generated_Image_dk5bbjdk5bbjdk5b.jpg?fit=1376%2C768&ssl=1\",\"width\":1376,\"height\":768},{\"@type\":\"BreadcrumbList\",\"@id\":\"https:\\\/\\\/faculdadeguerra.edu.br\\\/novosite\\\/psicologia-do-trabalho-por-que-compreender-pessoas-se-tornou-uma-competencia-estrategica-para-as-organizacoes\\\/#breadcrumb\",\"itemListElement\":[{\"@type\":\"ListItem\",\"position\":1,\"name\":\"In\u00edcio\",\"item\":\"https:\\\/\\\/faculdadeguerra.edu.br\\\/novosite\\\/\"},{\"@type\":\"ListItem\",\"position\":2,\"name\":\"PSICOLOGIA DO TRABALHO: POR QUE COMPREENDER PESSOAS SE TORNOU UMA COMPET\u00caNCIA ESTRAT\u00c9GICA PARA AS ORGANIZA\u00c7\u00d5ES\"}]},{\"@type\":\"WebSite\",\"@id\":\"https:\\\/\\\/faculdadeguerra.edu.br\\\/novosite\\\/#website\",\"url\":\"https:\\\/\\\/faculdadeguerra.edu.br\\\/novosite\\\/\",\"name\":\"Faculdade Guerra\",\"description\":\"Faculdade Guerra: Excel\u00eancia acad\u00eamica em Direito e Seguran\u00e7a P\u00fablica. Gradua\u00e7\u00e3o, P\u00f3s-Gradua\u00e7\u00e3o e cursos t\u00e9cnicos com infraestrutura moderna e corpo docente renomado. Transforme sua carreira!\",\"publisher\":{\"@id\":\"https:\\\/\\\/faculdadeguerra.edu.br\\\/novosite\\\/#organization\"},\"potentialAction\":[{\"@type\":\"SearchAction\",\"target\":{\"@type\":\"EntryPoint\",\"urlTemplate\":\"https:\\\/\\\/faculdadeguerra.edu.br\\\/novosite\\\/?s={search_term_string}\"},\"query-input\":{\"@type\":\"PropertyValueSpecification\",\"valueRequired\":true,\"valueName\":\"search_term_string\"}}],\"inLanguage\":\"pt-BR\"},{\"@type\":\"Organization\",\"@id\":\"https:\\\/\\\/faculdadeguerra.edu.br\\\/novosite\\\/#organization\",\"name\":\"Faculdade Guerra\",\"url\":\"https:\\\/\\\/faculdadeguerra.edu.br\\\/novosite\\\/\",\"logo\":{\"@type\":\"ImageObject\",\"inLanguage\":\"pt-BR\",\"@id\":\"https:\\\/\\\/faculdadeguerra.edu.br\\\/novosite\\\/#\\\/schema\\\/logo\\\/image\\\/\",\"url\":\"https:\\\/\\\/i0.wp.com\\\/faculdadeguerra.edu.br\\\/novosite\\\/wp-content\\\/uploads\\\/2025\\\/03\\\/logo.png?fit=2091%2C578&ssl=1\",\"contentUrl\":\"https:\\\/\\\/i0.wp.com\\\/faculdadeguerra.edu.br\\\/novosite\\\/wp-content\\\/uploads\\\/2025\\\/03\\\/logo.png?fit=2091%2C578&ssl=1\",\"width\":2091,\"height\":578,\"caption\":\"Faculdade Guerra\"},\"image\":{\"@id\":\"https:\\\/\\\/faculdadeguerra.edu.br\\\/novosite\\\/#\\\/schema\\\/logo\\\/image\\\/\"}},{\"@type\":\"Person\",\"@id\":\"https:\\\/\\\/faculdadeguerra.edu.br\\\/novosite\\\/#\\\/schema\\\/person\\\/f91628e3b406ec9f0b0e99b1352d7ecc\",\"name\":\"Conrado Conrado Vitali\",\"image\":{\"@type\":\"ImageObject\",\"inLanguage\":\"pt-BR\",\"@id\":\"https:\\\/\\\/secure.gravatar.com\\\/avatar\\\/aeec7634f044d3fa787d458257d52bc6e8a9f3a10639a944291e8f741f45e417?s=96&d=mm&r=g\",\"url\":\"https:\\\/\\\/secure.gravatar.com\\\/avatar\\\/aeec7634f044d3fa787d458257d52bc6e8a9f3a10639a944291e8f741f45e417?s=96&d=mm&r=g\",\"contentUrl\":\"https:\\\/\\\/secure.gravatar.com\\\/avatar\\\/aeec7634f044d3fa787d458257d52bc6e8a9f3a10639a944291e8f741f45e417?s=96&d=mm&r=g\",\"caption\":\"Conrado Conrado Vitali\"},\"url\":\"https:\\\/\\\/faculdadeguerra.edu.br\\\/novosite\\\/author\\\/conrado-vitali\\\/\"}]}<\/script>\n<!-- \/ Yoast SEO plugin. -->","yoast_head_json":{"title":"PSICOLOGIA DO TRABALHO: POR QUE COMPREENDER PESSOAS SE TORNOU UMA COMPET\u00caNCIA ESTRAT\u00c9GICA PARA AS ORGANIZA\u00c7\u00d5ES - Faculdade Guerra","robots":{"index":"index","follow":"follow","max-snippet":"max-snippet:-1","max-image-preview":"max-image-preview:large","max-video-preview":"max-video-preview:-1"},"canonical":"https:\/\/faculdadeguerra.edu.br\/novosite\/psicologia-do-trabalho-por-que-compreender-pessoas-se-tornou-uma-competencia-estrategica-para-as-organizacoes\/","og_locale":"pt_BR","og_type":"article","og_title":"PSICOLOGIA DO TRABALHO: POR QUE COMPREENDER PESSOAS SE TORNOU UMA COMPET\u00caNCIA ESTRAT\u00c9GICA PARA AS ORGANIZA\u00c7\u00d5ES - Faculdade Guerra","og_description":"As transforma\u00e7\u00f5es no mundo profissional ampliam o espa\u00e7o para psic\u00f3logos dentro das empresas Durante muito tempo, a imagem do psic\u00f3logo esteve fortemente associada ao consult\u00f3rio. Essa imagem, por\u00e9m, representa apenas uma parte da profiss\u00e3o. A Psicologia tamb\u00e9m est\u00e1 presente nas organiza\u00e7\u00f5es, nos processos de sele\u00e7\u00e3o, desenvolvimento profissional, avalia\u00e7\u00e3o, lideran\u00e7a, rela\u00e7\u00f5es de trabalho e promo\u00e7\u00e3o de [&hellip;]","og_url":"https:\/\/faculdadeguerra.edu.br\/novosite\/psicologia-do-trabalho-por-que-compreender-pessoas-se-tornou-uma-competencia-estrategica-para-as-organizacoes\/","og_site_name":"Faculdade Guerra","article_published_time":"2026-09-04T13:00:44+00:00","article_modified_time":"2026-09-04T13:00:45+00:00","og_image":[{"width":1376,"height":768,"url":"https:\/\/faculdadeguerra.edu.br\/novosite\/wp-content\/uploads\/2026\/09\/Gemini_Generated_Image_dk5bbjdk5bbjdk5b.jpg","type":"image\/jpeg"}],"author":"Conrado Conrado Vitali","twitter_card":"summary_large_image","twitter_misc":{"Escrito por":"Conrado Conrado Vitali","Est. tempo de leitura":"3 minutos"},"schema":{"@context":"https:\/\/schema.org","@graph":[{"@type":"Article","@id":"https:\/\/faculdadeguerra.edu.br\/novosite\/psicologia-do-trabalho-por-que-compreender-pessoas-se-tornou-uma-competencia-estrategica-para-as-organizacoes\/#article","isPartOf":{"@id":"https:\/\/faculdadeguerra.edu.br\/novosite\/psicologia-do-trabalho-por-que-compreender-pessoas-se-tornou-uma-competencia-estrategica-para-as-organizacoes\/"},"author":{"name":"Conrado Conrado Vitali","@id":"https:\/\/faculdadeguerra.edu.br\/novosite\/#\/schema\/person\/f91628e3b406ec9f0b0e99b1352d7ecc"},"headline":"PSICOLOGIA DO TRABALHO: POR QUE COMPREENDER PESSOAS SE TORNOU UMA COMPET\u00caNCIA ESTRAT\u00c9GICA PARA AS ORGANIZA\u00c7\u00d5ES","datePublished":"2026-09-04T13:00:44+00:00","dateModified":"2026-09-04T13:00:45+00:00","mainEntityOfPage":{"@id":"https:\/\/faculdadeguerra.edu.br\/novosite\/psicologia-do-trabalho-por-que-compreender-pessoas-se-tornou-uma-competencia-estrategica-para-as-organizacoes\/"},"wordCount":437,"publisher":{"@id":"https:\/\/faculdadeguerra.edu.br\/novosite\/#organization"},"image":{"@id":"https:\/\/faculdadeguerra.edu.br\/novosite\/psicologia-do-trabalho-por-que-compreender-pessoas-se-tornou-uma-competencia-estrategica-para-as-organizacoes\/#primaryimage"},"thumbnailUrl":"https:\/\/i0.wp.com\/faculdadeguerra.edu.br\/novosite\/wp-content\/uploads\/2026\/09\/Gemini_Generated_Image_dk5bbjdk5bbjdk5b.jpg?fit=1376%2C768&ssl=1","keywords":["Destaque 04\/09\/2026"],"articleSection":["Psicologia"],"inLanguage":"pt-BR"},{"@type":"WebPage","@id":"https:\/\/faculdadeguerra.edu.br\/novosite\/psicologia-do-trabalho-por-que-compreender-pessoas-se-tornou-uma-competencia-estrategica-para-as-organizacoes\/","url":"https:\/\/faculdadeguerra.edu.br\/novosite\/psicologia-do-trabalho-por-que-compreender-pessoas-se-tornou-uma-competencia-estrategica-para-as-organizacoes\/","name":"PSICOLOGIA DO TRABALHO: POR QUE COMPREENDER PESSOAS SE TORNOU UMA COMPET\u00caNCIA ESTRAT\u00c9GICA PARA AS ORGANIZA\u00c7\u00d5ES - Faculdade Guerra","isPartOf":{"@id":"https:\/\/faculdadeguerra.edu.br\/novosite\/#website"},"primaryImageOfPage":{"@id":"https:\/\/faculdadeguerra.edu.br\/novosite\/psicologia-do-trabalho-por-que-compreender-pessoas-se-tornou-uma-competencia-estrategica-para-as-organizacoes\/#primaryimage"},"image":{"@id":"https:\/\/faculdadeguerra.edu.br\/novosite\/psicologia-do-trabalho-por-que-compreender-pessoas-se-tornou-uma-competencia-estrategica-para-as-organizacoes\/#primaryimage"},"thumbnailUrl":"https:\/\/i0.wp.com\/faculdadeguerra.edu.br\/novosite\/wp-content\/uploads\/2026\/09\/Gemini_Generated_Image_dk5bbjdk5bbjdk5b.jpg?fit=1376%2C768&ssl=1","datePublished":"2026-09-04T13:00:44+00:00","dateModified":"2026-09-04T13:00:45+00:00","breadcrumb":{"@id":"https:\/\/faculdadeguerra.edu.br\/novosite\/psicologia-do-trabalho-por-que-compreender-pessoas-se-tornou-uma-competencia-estrategica-para-as-organizacoes\/#breadcrumb"},"inLanguage":"pt-BR","potentialAction":[{"@type":"ReadAction","target":["https:\/\/faculdadeguerra.edu.br\/novosite\/psicologia-do-trabalho-por-que-compreender-pessoas-se-tornou-uma-competencia-estrategica-para-as-organizacoes\/"]}]},{"@type":"ImageObject","inLanguage":"pt-BR","@id":"https:\/\/faculdadeguerra.edu.br\/novosite\/psicologia-do-trabalho-por-que-compreender-pessoas-se-tornou-uma-competencia-estrategica-para-as-organizacoes\/#primaryimage","url":"https:\/\/i0.wp.com\/faculdadeguerra.edu.br\/novosite\/wp-content\/uploads\/2026\/09\/Gemini_Generated_Image_dk5bbjdk5bbjdk5b.jpg?fit=1376%2C768&ssl=1","contentUrl":"https:\/\/i0.wp.com\/faculdadeguerra.edu.br\/novosite\/wp-content\/uploads\/2026\/09\/Gemini_Generated_Image_dk5bbjdk5bbjdk5b.jpg?fit=1376%2C768&ssl=1","width":1376,"height":768},{"@type":"BreadcrumbList","@id":"https:\/\/faculdadeguerra.edu.br\/novosite\/psicologia-do-trabalho-por-que-compreender-pessoas-se-tornou-uma-competencia-estrategica-para-as-organizacoes\/#breadcrumb","itemListElement":[{"@type":"ListItem","position":1,"name":"In\u00edcio","item":"https:\/\/faculdadeguerra.edu.br\/novosite\/"},{"@type":"ListItem","position":2,"name":"PSICOLOGIA DO TRABALHO: POR QUE COMPREENDER PESSOAS SE TORNOU UMA COMPET\u00caNCIA ESTRAT\u00c9GICA PARA AS ORGANIZA\u00c7\u00d5ES"}]},{"@type":"WebSite","@id":"https:\/\/faculdadeguerra.edu.br\/novosite\/#website","url":"https:\/\/faculdadeguerra.edu.br\/novosite\/","name":"Faculdade Guerra","description":"Faculdade Guerra: Excel\u00eancia acad\u00eamica em Direito e Seguran\u00e7a P\u00fablica. Gradua\u00e7\u00e3o, P\u00f3s-Gradua\u00e7\u00e3o e cursos t\u00e9cnicos com infraestrutura moderna e corpo docente renomado. Transforme sua carreira!","publisher":{"@id":"https:\/\/faculdadeguerra.edu.br\/novosite\/#organization"},"potentialAction":[{"@type":"SearchAction","target":{"@type":"EntryPoint","urlTemplate":"https:\/\/faculdadeguerra.edu.br\/novosite\/?s={search_term_string}"},"query-input":{"@type":"PropertyValueSpecification","valueRequired":true,"valueName":"search_term_string"}}],"inLanguage":"pt-BR"},{"@type":"Organization","@id":"https:\/\/faculdadeguerra.edu.br\/novosite\/#organization","name":"Faculdade Guerra","url":"https:\/\/faculdadeguerra.edu.br\/novosite\/","logo":{"@type":"ImageObject","inLanguage":"pt-BR","@id":"https:\/\/faculdadeguerra.edu.br\/novosite\/#\/schema\/logo\/image\/","url":"https:\/\/i0.wp.com\/faculdadeguerra.edu.br\/novosite\/wp-content\/uploads\/2025\/03\/logo.png?fit=2091%2C578&ssl=1","contentUrl":"https:\/\/i0.wp.com\/faculdadeguerra.edu.br\/novosite\/wp-content\/uploads\/2025\/03\/logo.png?fit=2091%2C578&ssl=1","width":2091,"height":578,"caption":"Faculdade Guerra"},"image":{"@id":"https:\/\/faculdadeguerra.edu.br\/novosite\/#\/schema\/logo\/image\/"}},{"@type":"Person","@id":"https:\/\/faculdadeguerra.edu.br\/novosite\/#\/schema\/person\/f91628e3b406ec9f0b0e99b1352d7ecc","name":"Conrado Conrado Vitali","image":{"@type":"ImageObject","inLanguage":"pt-BR","@id":"https:\/\/secure.gravatar.com\/avatar\/aeec7634f044d3fa787d458257d52bc6e8a9f3a10639a944291e8f741f45e417?s=96&d=mm&r=g","url":"https:\/\/secure.gravatar.com\/avatar\/aeec7634f044d3fa787d458257d52bc6e8a9f3a10639a944291e8f741f45e417?s=96&d=mm&r=g","contentUrl":"https:\/\/secure.gravatar.com\/avatar\/aeec7634f044d3fa787d458257d52bc6e8a9f3a10639a944291e8f741f45e417?s=96&d=mm&r=g","caption":"Conrado Conrado Vitali"},"url":"https:\/\/faculdadeguerra.edu.br\/novosite\/author\/conrado-vitali\/"}]}},"jetpack_sharing_enabled":true,"jetpack_featured_media_url":"https:\/\/i0.wp.com\/faculdadeguerra.edu.br\/novosite\/wp-content\/uploads\/2026\/09\/Gemini_Generated_Image_dk5bbjdk5bbjdk5b.jpg?fit=1376%2C768&ssl=1","_links":{"self":[{"href":"https:\/\/faculdadeguerra.edu.br\/novosite\/wp-json\/wp\/v2\/posts\/5304","targetHints":{"allow":["GET"]}}],"collection":[{"href":"https:\/\/faculdadeguerra.edu.br\/novosite\/wp-json\/wp\/v2\/posts"}],"about":[{"href":"https:\/\/faculdadeguerra.edu.br\/novosite\/wp-json\/wp\/v2\/types\/post"}],"author":[{"embeddable":true,"href":"https:\/\/faculdadeguerra.edu.br\/novosite\/wp-json\/wp\/v2\/users\/2"}],"replies":[{"embeddable":true,"href":"https:\/\/faculdadeguerra.edu.br\/novosite\/wp-json\/wp\/v2\/comments?post=5304"}],"version-history":[{"count":1,"href":"https:\/\/faculdadeguerra.edu.br\/novosite\/wp-json\/wp\/v2\/posts\/5304\/revisions"}],"predecessor-version":[{"id":5306,"href":"https:\/\/faculdadeguerra.edu.br\/novosite\/wp-json\/wp\/v2\/posts\/5304\/revisions\/5306"}],"wp:featuredmedia":[{"embeddable":true,"href":"https:\/\/faculdadeguerra.edu.br\/novosite\/wp-json\/wp\/v2\/media\/5305"}],"wp:attachment":[{"href":"https:\/\/faculdadeguerra.edu.br\/novosite\/wp-json\/wp\/v2\/media?parent=5304"}],"wp:term":[{"taxonomy":"category","embeddable":true,"href":"https:\/\/faculdadeguerra.edu.br\/novosite\/wp-json\/wp\/v2\/categories?post=5304"},{"taxonomy":"post_tag","embeddable":true,"href":"https:\/\/faculdadeguerra.edu.br\/novosite\/wp-json\/wp\/v2\/tags?post=5304"}],"curies":[{"name":"wp","href":"https:\/\/api.w.org\/{rel}","templated":true}]}}