{"id":5301,"date":"2026-09-03T07:15:33","date_gmt":"2026-09-03T10:15:33","guid":{"rendered":"https:\/\/faculdadeguerra.edu.br\/novosite\/?p=5301"},"modified":"2026-09-03T07:15:34","modified_gmt":"2026-09-03T10:15:34","slug":"reflexoes-guerra-redes-sociais-e-saude-mental-o-que-acontece-com-a-mente-quando-a-vida-passa-a-ser-vivida-diante-de-uma-tela","status":"publish","type":"post","link":"https:\/\/faculdadeguerra.edu.br\/novosite\/reflexoes-guerra-redes-sociais-e-saude-mental-o-que-acontece-com-a-mente-quando-a-vida-passa-a-ser-vivida-diante-de-uma-tela\/","title":{"rendered":"REFLEX\u00d5ES GUERRA &#8211; REDES SOCIAIS E SA\u00daDE MENTAL: O QUE ACONTECE COM A MENTE QUANDO A VIDA PASSA A SER VIVIDA DIANTE DE UMA TELA?"},"content":{"rendered":"\n<p class=\"wp-block-paragraph\"><strong><em>Da autoestima \u00e0 constru\u00e7\u00e3o da identidade, o mundo digital criou novos desafios para a Psicologia, novo&nbsp;&nbsp;curso da Faculdade Guerra.<\/em><\/strong><em><\/em><\/p>\n\n\n\n<p class=\"wp-block-paragraph\">Nunca foi t\u00e3o f\u00e1cil saber o que outras pessoas est\u00e3o fazendo.<\/p>\n\n\n\n<p class=\"wp-block-paragraph\">Nunca foi t\u00e3o f\u00e1cil comparar nossas vidas com as vidas dos outros.<\/p>\n\n\n\n<p class=\"wp-block-paragraph\">E talvez nunca tenha sido t\u00e3o dif\u00edcil escapar dessa compara\u00e7\u00e3o.<\/p>\n\n\n\n<p class=\"wp-block-paragraph\">As redes sociais transformaram profundamente a maneira como as pessoas constroem relacionamentos, apresentam sua identidade e percebem a pr\u00f3pria vida.<\/p>\n\n\n\n<p class=\"wp-block-paragraph\">Uma fotografia, um v\u00eddeo ou uma publica\u00e7\u00e3o podem parecer acontecimentos banais. Mas, quando repetidos milhares de vezes, esses est\u00edmulos participam da constru\u00e7\u00e3o de expectativas sobre beleza, sucesso, felicidade, relacionamento e realiza\u00e7\u00e3o pessoal.<\/p>\n\n\n\n<p class=\"wp-block-paragraph\">Para a Psicologia, esse fen\u00f4meno representa um dos grandes desafios contempor\u00e2neos.<\/p>\n\n\n\n<p class=\"wp-block-paragraph\"><strong>A compara\u00e7\u00e3o mudou de escala<\/strong><\/p>\n\n\n\n<p class=\"wp-block-paragraph\">A compara\u00e7\u00e3o social sempre existiu.<\/p>\n\n\n\n<p class=\"wp-block-paragraph\">O que mudou foi sua intensidade.<\/p>\n\n\n\n<p class=\"wp-block-paragraph\">Antes, uma pessoa poderia comparar sua apar\u00eancia, sua carreira ou seu patrim\u00f4nio com um grupo relativamente limitado de pessoas.<\/p>\n\n\n\n<p class=\"wp-block-paragraph\">Hoje, pode fazer isso centenas de vezes por dia.<\/p>\n\n\n\n<p class=\"wp-block-paragraph\">E existe outro elemento: aquilo que aparece nas redes sociais geralmente representa apenas uma sele\u00e7\u00e3o da realidade.<\/p>\n\n\n\n<p class=\"wp-block-paragraph\">Viagens, conquistas profissionais, relacionamentos, corpos, festas e momentos felizes s\u00e3o publicados com muito mais frequ\u00eancia do que fracassos, inseguran\u00e7as, conflitos ou frustra\u00e7\u00f5es.<\/p>\n\n\n\n<p class=\"wp-block-paragraph\">A compara\u00e7\u00e3o, portanto, frequentemente acontece entre a realidade de uma pessoa e uma vers\u00e3o cuidadosamente editada da realidade de outras.<\/p>\n\n\n\n<p class=\"wp-block-paragraph\"><strong>Crian\u00e7as e adolescentes merecem aten\u00e7\u00e3o especial<\/strong><\/p>\n\n\n\n<p class=\"wp-block-paragraph\">O debate \u00e9 ainda mais importante quando envolve jovens.<\/p>\n\n\n\n<p class=\"wp-block-paragraph\">O Minist\u00e9rio da Sa\u00fade mant\u00e9m pol\u00edticas e iniciativas relacionadas \u00e0 sa\u00fade mental de crian\u00e7as e adolescentes, enquanto novas estrat\u00e9gias digitais de acolhimento v\u00eam sendo implementadas para esse p\u00fablico. Em 2026, por exemplo, o projeto Pode Falar passou a integrar o Meu SUS Digital, ampliando o acesso de jovens de 13 a 24 anos a acolhimento, escuta e orienta\u00e7\u00e3o em sa\u00fade mental.<\/p>\n\n\n\n<p class=\"wp-block-paragraph\">O fen\u00f4meno mostra que sa\u00fade mental e tecnologia j\u00e1 n\u00e3o podem ser discutidos separadamente.<\/p>\n\n\n\n<p class=\"wp-block-paragraph\"><strong>O psic\u00f3logo diante de uma sociedade conectada<\/strong><\/p>\n\n\n\n<p class=\"wp-block-paragraph\">A Psicologia precisa compreender o ambiente digital n\u00e3o como um fen\u00f4meno superficial, mas como parte da vida contempor\u00e2nea.<\/p>\n\n\n\n<p class=\"wp-block-paragraph\">A cl\u00ednica, a Psicologia Escolar, a Psicologia Organizacional, a Psicologia Social e outras \u00e1reas de atua\u00e7\u00e3o encontram novos desafios relacionados ao comportamento digital.<\/p>\n\n\n\n<p class=\"wp-block-paragraph\">O profissional precisa compreender como as pessoas constroem v\u00ednculos, desenvolvem autoestima, enfrentam conflitos e formam sua identidade em um mundo conectado.<\/p>\n\n\n\n<p class=\"wp-block-paragraph\">Essa \u00e9 uma das raz\u00f5es pelas quais a Psicologia permanece t\u00e3o necess\u00e1ria.<\/p>\n\n\n\n<p class=\"wp-block-paragraph\">A tecnologia mudou o ambiente.<\/p>\n\n\n\n<p class=\"wp-block-paragraph\">Mas quem precisa ser compreendido continua sendo o ser humano.<\/p>\n\n\n\n<p class=\"wp-block-paragraph\"><strong>Faculdade Guerra<\/strong><\/p>\n\n\n\n<p class=\"wp-block-paragraph\">A Faculdade Guerra inicia uma nova etapa de sua trajet\u00f3ria acad\u00eamica com a oferta do <strong><a href=\"https:\/\/faculdadeguerra.edu.br\/novosite\/faculdade-de-psicologia\/\">Novo Curso\u00a0\u00a0Superior de Psicologia.<\/a><\/strong><\/p>\n\n\n\n<p class=\"wp-block-paragraph\">Para quem deseja compreender pessoas, rela\u00e7\u00f5es e os grandes desafios da sociedade contempor\u00e2nea, Psicologia pode ser muito mais do que uma profiss\u00e3o.<\/p>\n\n\n\n<p class=\"wp-block-paragraph\"><strong>Pode ser uma forma de compreender o pr\u00f3prio tempo em que vivemos.<\/strong><\/p>\n\n\n\n<p class=\"wp-block-paragraph\"><\/p>\n","protected":false},"excerpt":{"rendered":"<p>Da autoestima \u00e0 constru\u00e7\u00e3o da identidade, o mundo digital criou novos desafios para a Psicologia, novo&nbsp;&nbsp;curso da Faculdade Guerra. Nunca foi t\u00e3o f\u00e1cil saber o que outras pessoas est\u00e3o fazendo. Nunca foi t\u00e3o f\u00e1cil comparar nossas vidas com as vidas dos outros. E talvez nunca tenha sido t\u00e3o dif\u00edcil escapar dessa compara\u00e7\u00e3o. As redes sociais [&hellip;]<\/p>\n","protected":false},"author":2,"featured_media":5302,"comment_status":"closed","ping_status":"open","sticky":false,"template":"","format":"standard","meta":{"_jetpack_newsletter_access":"","_jetpack_dont_email_post_to_subs":false,"_jetpack_newsletter_tier_id":0,"_jetpack_memberships_contains_paywalled_content":false,"_jetpack_feature_clip_id":0,"_jetpack_memberships_contains_paid_content":false,"_joinchat":[],"footnotes":"","jetpack_post_was_ever_published":false},"categories":[331],"tags":[332],"class_list":["post-5301","post","type-post","status-publish","format-standard","has-post-thumbnail","hentry","category-psicologia","tag-destaque-03-09-2026"],"yoast_head":"<!-- This site is optimized with the Yoast SEO plugin v28.4 - https:\/\/yoast.com\/product\/yoast-seo-wordpress\/ -->\n<title>REFLEX\u00d5ES GUERRA - REDES SOCIAIS E SA\u00daDE MENTAL: O QUE ACONTECE COM A MENTE QUANDO A VIDA PASSA A SER VIVIDA DIANTE DE UMA TELA? - Faculdade Guerra<\/title>\n<meta name=\"robots\" content=\"index, follow, max-snippet:-1, max-image-preview:large, max-video-preview:-1\" \/>\n<link rel=\"canonical\" href=\"https:\/\/faculdadeguerra.edu.br\/novosite\/reflexoes-guerra-redes-sociais-e-saude-mental-o-que-acontece-com-a-mente-quando-a-vida-passa-a-ser-vivida-diante-de-uma-tela\/\" \/>\n<meta property=\"og:locale\" content=\"pt_BR\" \/>\n<meta property=\"og:type\" content=\"article\" \/>\n<meta property=\"og:title\" content=\"REFLEX\u00d5ES GUERRA - REDES SOCIAIS E SA\u00daDE MENTAL: O QUE ACONTECE COM A MENTE QUANDO A VIDA PASSA A SER VIVIDA DIANTE DE UMA TELA? - Faculdade Guerra\" \/>\n<meta property=\"og:description\" content=\"Da autoestima \u00e0 constru\u00e7\u00e3o da identidade, o mundo digital criou novos desafios para a Psicologia, novo&nbsp;&nbsp;curso da Faculdade Guerra. Nunca foi t\u00e3o f\u00e1cil saber o que outras pessoas est\u00e3o fazendo. Nunca foi t\u00e3o f\u00e1cil comparar nossas vidas com as vidas dos outros. E talvez nunca tenha sido t\u00e3o dif\u00edcil escapar dessa compara\u00e7\u00e3o. As redes sociais [&hellip;]\" \/>\n<meta property=\"og:url\" content=\"https:\/\/faculdadeguerra.edu.br\/novosite\/reflexoes-guerra-redes-sociais-e-saude-mental-o-que-acontece-com-a-mente-quando-a-vida-passa-a-ser-vivida-diante-de-uma-tela\/\" \/>\n<meta property=\"og:site_name\" content=\"Faculdade Guerra\" \/>\n<meta property=\"article:published_time\" content=\"2026-09-03T10:15:33+00:00\" \/>\n<meta property=\"article:modified_time\" content=\"2026-09-03T10:15:34+00:00\" \/>\n<meta property=\"og:image\" content=\"https:\/\/faculdadeguerra.edu.br\/novosite\/wp-content\/uploads\/2026\/09\/Gemini_Generated_Image_3vcm2r3vcm2r3vcm.jpg\" \/>\n\t<meta property=\"og:image:width\" content=\"1264\" \/>\n\t<meta property=\"og:image:height\" content=\"843\" \/>\n\t<meta property=\"og:image:type\" content=\"image\/jpeg\" \/>\n<meta name=\"author\" content=\"Conrado Conrado Vitali\" \/>\n<meta name=\"twitter:card\" content=\"summary_large_image\" \/>\n<meta name=\"twitter:label1\" content=\"Escrito por\" \/>\n\t<meta name=\"twitter:data1\" content=\"Conrado Conrado Vitali\" \/>\n\t<meta name=\"twitter:label2\" content=\"Est. tempo de leitura\" \/>\n\t<meta name=\"twitter:data2\" content=\"3 minutos\" \/>\n<script type=\"application\/ld+json\" class=\"yoast-schema-graph\">{\"@context\":\"https:\\\/\\\/schema.org\",\"@graph\":[{\"@type\":\"Article\",\"@id\":\"https:\\\/\\\/faculdadeguerra.edu.br\\\/novosite\\\/reflexoes-guerra-redes-sociais-e-saude-mental-o-que-acontece-com-a-mente-quando-a-vida-passa-a-ser-vivida-diante-de-uma-tela\\\/#article\",\"isPartOf\":{\"@id\":\"https:\\\/\\\/faculdadeguerra.edu.br\\\/novosite\\\/reflexoes-guerra-redes-sociais-e-saude-mental-o-que-acontece-com-a-mente-quando-a-vida-passa-a-ser-vivida-diante-de-uma-tela\\\/\"},\"author\":{\"name\":\"Conrado Conrado Vitali\",\"@id\":\"https:\\\/\\\/faculdadeguerra.edu.br\\\/novosite\\\/#\\\/schema\\\/person\\\/f91628e3b406ec9f0b0e99b1352d7ecc\"},\"headline\":\"REFLEX\u00d5ES GUERRA &#8211; REDES SOCIAIS E SA\u00daDE MENTAL: O QUE ACONTECE COM A MENTE QUANDO A VIDA PASSA A SER VIVIDA DIANTE DE UMA TELA?\",\"datePublished\":\"2026-09-03T10:15:33+00:00\",\"dateModified\":\"2026-09-03T10:15:34+00:00\",\"mainEntityOfPage\":{\"@id\":\"https:\\\/\\\/faculdadeguerra.edu.br\\\/novosite\\\/reflexoes-guerra-redes-sociais-e-saude-mental-o-que-acontece-com-a-mente-quando-a-vida-passa-a-ser-vivida-diante-de-uma-tela\\\/\"},\"wordCount\":543,\"publisher\":{\"@id\":\"https:\\\/\\\/faculdadeguerra.edu.br\\\/novosite\\\/#organization\"},\"image\":{\"@id\":\"https:\\\/\\\/faculdadeguerra.edu.br\\\/novosite\\\/reflexoes-guerra-redes-sociais-e-saude-mental-o-que-acontece-com-a-mente-quando-a-vida-passa-a-ser-vivida-diante-de-uma-tela\\\/#primaryimage\"},\"thumbnailUrl\":\"https:\\\/\\\/i0.wp.com\\\/faculdadeguerra.edu.br\\\/novosite\\\/wp-content\\\/uploads\\\/2026\\\/09\\\/Gemini_Generated_Image_3vcm2r3vcm2r3vcm.jpg?fit=1264%2C843&ssl=1\",\"keywords\":[\"Destaque 03\\\/09\\\/2026\"],\"articleSection\":[\"Psicologia\"],\"inLanguage\":\"pt-BR\"},{\"@type\":\"WebPage\",\"@id\":\"https:\\\/\\\/faculdadeguerra.edu.br\\\/novosite\\\/reflexoes-guerra-redes-sociais-e-saude-mental-o-que-acontece-com-a-mente-quando-a-vida-passa-a-ser-vivida-diante-de-uma-tela\\\/\",\"url\":\"https:\\\/\\\/faculdadeguerra.edu.br\\\/novosite\\\/reflexoes-guerra-redes-sociais-e-saude-mental-o-que-acontece-com-a-mente-quando-a-vida-passa-a-ser-vivida-diante-de-uma-tela\\\/\",\"name\":\"REFLEX\u00d5ES GUERRA - REDES SOCIAIS E SA\u00daDE MENTAL: O QUE ACONTECE COM A MENTE QUANDO A VIDA PASSA A SER VIVIDA DIANTE DE UMA TELA? - Faculdade Guerra\",\"isPartOf\":{\"@id\":\"https:\\\/\\\/faculdadeguerra.edu.br\\\/novosite\\\/#website\"},\"primaryImageOfPage\":{\"@id\":\"https:\\\/\\\/faculdadeguerra.edu.br\\\/novosite\\\/reflexoes-guerra-redes-sociais-e-saude-mental-o-que-acontece-com-a-mente-quando-a-vida-passa-a-ser-vivida-diante-de-uma-tela\\\/#primaryimage\"},\"image\":{\"@id\":\"https:\\\/\\\/faculdadeguerra.edu.br\\\/novosite\\\/reflexoes-guerra-redes-sociais-e-saude-mental-o-que-acontece-com-a-mente-quando-a-vida-passa-a-ser-vivida-diante-de-uma-tela\\\/#primaryimage\"},\"thumbnailUrl\":\"https:\\\/\\\/i0.wp.com\\\/faculdadeguerra.edu.br\\\/novosite\\\/wp-content\\\/uploads\\\/2026\\\/09\\\/Gemini_Generated_Image_3vcm2r3vcm2r3vcm.jpg?fit=1264%2C843&ssl=1\",\"datePublished\":\"2026-09-03T10:15:33+00:00\",\"dateModified\":\"2026-09-03T10:15:34+00:00\",\"breadcrumb\":{\"@id\":\"https:\\\/\\\/faculdadeguerra.edu.br\\\/novosite\\\/reflexoes-guerra-redes-sociais-e-saude-mental-o-que-acontece-com-a-mente-quando-a-vida-passa-a-ser-vivida-diante-de-uma-tela\\\/#breadcrumb\"},\"inLanguage\":\"pt-BR\",\"potentialAction\":[{\"@type\":\"ReadAction\",\"target\":[\"https:\\\/\\\/faculdadeguerra.edu.br\\\/novosite\\\/reflexoes-guerra-redes-sociais-e-saude-mental-o-que-acontece-com-a-mente-quando-a-vida-passa-a-ser-vivida-diante-de-uma-tela\\\/\"]}]},{\"@type\":\"ImageObject\",\"inLanguage\":\"pt-BR\",\"@id\":\"https:\\\/\\\/faculdadeguerra.edu.br\\\/novosite\\\/reflexoes-guerra-redes-sociais-e-saude-mental-o-que-acontece-com-a-mente-quando-a-vida-passa-a-ser-vivida-diante-de-uma-tela\\\/#primaryimage\",\"url\":\"https:\\\/\\\/i0.wp.com\\\/faculdadeguerra.edu.br\\\/novosite\\\/wp-content\\\/uploads\\\/2026\\\/09\\\/Gemini_Generated_Image_3vcm2r3vcm2r3vcm.jpg?fit=1264%2C843&ssl=1\",\"contentUrl\":\"https:\\\/\\\/i0.wp.com\\\/faculdadeguerra.edu.br\\\/novosite\\\/wp-content\\\/uploads\\\/2026\\\/09\\\/Gemini_Generated_Image_3vcm2r3vcm2r3vcm.jpg?fit=1264%2C843&ssl=1\",\"width\":1264,\"height\":843},{\"@type\":\"BreadcrumbList\",\"@id\":\"https:\\\/\\\/faculdadeguerra.edu.br\\\/novosite\\\/reflexoes-guerra-redes-sociais-e-saude-mental-o-que-acontece-com-a-mente-quando-a-vida-passa-a-ser-vivida-diante-de-uma-tela\\\/#breadcrumb\",\"itemListElement\":[{\"@type\":\"ListItem\",\"position\":1,\"name\":\"In\u00edcio\",\"item\":\"https:\\\/\\\/faculdadeguerra.edu.br\\\/novosite\\\/\"},{\"@type\":\"ListItem\",\"position\":2,\"name\":\"REFLEX\u00d5ES GUERRA &#8211; REDES SOCIAIS E SA\u00daDE MENTAL: O QUE ACONTECE COM A MENTE QUANDO A VIDA PASSA A SER VIVIDA DIANTE DE UMA TELA?\"}]},{\"@type\":\"WebSite\",\"@id\":\"https:\\\/\\\/faculdadeguerra.edu.br\\\/novosite\\\/#website\",\"url\":\"https:\\\/\\\/faculdadeguerra.edu.br\\\/novosite\\\/\",\"name\":\"Faculdade Guerra\",\"description\":\"Faculdade Guerra: Excel\u00eancia acad\u00eamica em Direito e Seguran\u00e7a P\u00fablica. Gradua\u00e7\u00e3o, P\u00f3s-Gradua\u00e7\u00e3o e cursos t\u00e9cnicos com infraestrutura moderna e corpo docente renomado. Transforme sua carreira!\",\"publisher\":{\"@id\":\"https:\\\/\\\/faculdadeguerra.edu.br\\\/novosite\\\/#organization\"},\"potentialAction\":[{\"@type\":\"SearchAction\",\"target\":{\"@type\":\"EntryPoint\",\"urlTemplate\":\"https:\\\/\\\/faculdadeguerra.edu.br\\\/novosite\\\/?s={search_term_string}\"},\"query-input\":{\"@type\":\"PropertyValueSpecification\",\"valueRequired\":true,\"valueName\":\"search_term_string\"}}],\"inLanguage\":\"pt-BR\"},{\"@type\":\"Organization\",\"@id\":\"https:\\\/\\\/faculdadeguerra.edu.br\\\/novosite\\\/#organization\",\"name\":\"Faculdade Guerra\",\"url\":\"https:\\\/\\\/faculdadeguerra.edu.br\\\/novosite\\\/\",\"logo\":{\"@type\":\"ImageObject\",\"inLanguage\":\"pt-BR\",\"@id\":\"https:\\\/\\\/faculdadeguerra.edu.br\\\/novosite\\\/#\\\/schema\\\/logo\\\/image\\\/\",\"url\":\"https:\\\/\\\/i0.wp.com\\\/faculdadeguerra.edu.br\\\/novosite\\\/wp-content\\\/uploads\\\/2025\\\/03\\\/logo.png?fit=2091%2C578&ssl=1\",\"contentUrl\":\"https:\\\/\\\/i0.wp.com\\\/faculdadeguerra.edu.br\\\/novosite\\\/wp-content\\\/uploads\\\/2025\\\/03\\\/logo.png?fit=2091%2C578&ssl=1\",\"width\":2091,\"height\":578,\"caption\":\"Faculdade Guerra\"},\"image\":{\"@id\":\"https:\\\/\\\/faculdadeguerra.edu.br\\\/novosite\\\/#\\\/schema\\\/logo\\\/image\\\/\"}},{\"@type\":\"Person\",\"@id\":\"https:\\\/\\\/faculdadeguerra.edu.br\\\/novosite\\\/#\\\/schema\\\/person\\\/f91628e3b406ec9f0b0e99b1352d7ecc\",\"name\":\"Conrado Conrado Vitali\",\"image\":{\"@type\":\"ImageObject\",\"inLanguage\":\"pt-BR\",\"@id\":\"https:\\\/\\\/secure.gravatar.com\\\/avatar\\\/aeec7634f044d3fa787d458257d52bc6e8a9f3a10639a944291e8f741f45e417?s=96&d=mm&r=g\",\"url\":\"https:\\\/\\\/secure.gravatar.com\\\/avatar\\\/aeec7634f044d3fa787d458257d52bc6e8a9f3a10639a944291e8f741f45e417?s=96&d=mm&r=g\",\"contentUrl\":\"https:\\\/\\\/secure.gravatar.com\\\/avatar\\\/aeec7634f044d3fa787d458257d52bc6e8a9f3a10639a944291e8f741f45e417?s=96&d=mm&r=g\",\"caption\":\"Conrado Conrado Vitali\"},\"url\":\"https:\\\/\\\/faculdadeguerra.edu.br\\\/novosite\\\/author\\\/conrado-vitali\\\/\"}]}<\/script>\n<!-- \/ Yoast SEO plugin. -->","yoast_head_json":{"title":"REFLEX\u00d5ES GUERRA - REDES SOCIAIS E SA\u00daDE MENTAL: O QUE ACONTECE COM A MENTE QUANDO A VIDA PASSA A SER VIVIDA DIANTE DE UMA TELA? - Faculdade Guerra","robots":{"index":"index","follow":"follow","max-snippet":"max-snippet:-1","max-image-preview":"max-image-preview:large","max-video-preview":"max-video-preview:-1"},"canonical":"https:\/\/faculdadeguerra.edu.br\/novosite\/reflexoes-guerra-redes-sociais-e-saude-mental-o-que-acontece-com-a-mente-quando-a-vida-passa-a-ser-vivida-diante-de-uma-tela\/","og_locale":"pt_BR","og_type":"article","og_title":"REFLEX\u00d5ES GUERRA - REDES SOCIAIS E SA\u00daDE MENTAL: O QUE ACONTECE COM A MENTE QUANDO A VIDA PASSA A SER VIVIDA DIANTE DE UMA TELA? - Faculdade Guerra","og_description":"Da autoestima \u00e0 constru\u00e7\u00e3o da identidade, o mundo digital criou novos desafios para a Psicologia, novo&nbsp;&nbsp;curso da Faculdade Guerra. Nunca foi t\u00e3o f\u00e1cil saber o que outras pessoas est\u00e3o fazendo. Nunca foi t\u00e3o f\u00e1cil comparar nossas vidas com as vidas dos outros. E talvez nunca tenha sido t\u00e3o dif\u00edcil escapar dessa compara\u00e7\u00e3o. As redes sociais [&hellip;]","og_url":"https:\/\/faculdadeguerra.edu.br\/novosite\/reflexoes-guerra-redes-sociais-e-saude-mental-o-que-acontece-com-a-mente-quando-a-vida-passa-a-ser-vivida-diante-de-uma-tela\/","og_site_name":"Faculdade Guerra","article_published_time":"2026-09-03T10:15:33+00:00","article_modified_time":"2026-09-03T10:15:34+00:00","og_image":[{"width":1264,"height":843,"url":"https:\/\/faculdadeguerra.edu.br\/novosite\/wp-content\/uploads\/2026\/09\/Gemini_Generated_Image_3vcm2r3vcm2r3vcm.jpg","type":"image\/jpeg"}],"author":"Conrado Conrado Vitali","twitter_card":"summary_large_image","twitter_misc":{"Escrito por":"Conrado Conrado Vitali","Est. tempo de leitura":"3 minutos"},"schema":{"@context":"https:\/\/schema.org","@graph":[{"@type":"Article","@id":"https:\/\/faculdadeguerra.edu.br\/novosite\/reflexoes-guerra-redes-sociais-e-saude-mental-o-que-acontece-com-a-mente-quando-a-vida-passa-a-ser-vivida-diante-de-uma-tela\/#article","isPartOf":{"@id":"https:\/\/faculdadeguerra.edu.br\/novosite\/reflexoes-guerra-redes-sociais-e-saude-mental-o-que-acontece-com-a-mente-quando-a-vida-passa-a-ser-vivida-diante-de-uma-tela\/"},"author":{"name":"Conrado Conrado Vitali","@id":"https:\/\/faculdadeguerra.edu.br\/novosite\/#\/schema\/person\/f91628e3b406ec9f0b0e99b1352d7ecc"},"headline":"REFLEX\u00d5ES GUERRA &#8211; REDES SOCIAIS E SA\u00daDE MENTAL: O QUE ACONTECE COM A MENTE QUANDO A VIDA PASSA A SER VIVIDA DIANTE DE UMA TELA?","datePublished":"2026-09-03T10:15:33+00:00","dateModified":"2026-09-03T10:15:34+00:00","mainEntityOfPage":{"@id":"https:\/\/faculdadeguerra.edu.br\/novosite\/reflexoes-guerra-redes-sociais-e-saude-mental-o-que-acontece-com-a-mente-quando-a-vida-passa-a-ser-vivida-diante-de-uma-tela\/"},"wordCount":543,"publisher":{"@id":"https:\/\/faculdadeguerra.edu.br\/novosite\/#organization"},"image":{"@id":"https:\/\/faculdadeguerra.edu.br\/novosite\/reflexoes-guerra-redes-sociais-e-saude-mental-o-que-acontece-com-a-mente-quando-a-vida-passa-a-ser-vivida-diante-de-uma-tela\/#primaryimage"},"thumbnailUrl":"https:\/\/i0.wp.com\/faculdadeguerra.edu.br\/novosite\/wp-content\/uploads\/2026\/09\/Gemini_Generated_Image_3vcm2r3vcm2r3vcm.jpg?fit=1264%2C843&ssl=1","keywords":["Destaque 03\/09\/2026"],"articleSection":["Psicologia"],"inLanguage":"pt-BR"},{"@type":"WebPage","@id":"https:\/\/faculdadeguerra.edu.br\/novosite\/reflexoes-guerra-redes-sociais-e-saude-mental-o-que-acontece-com-a-mente-quando-a-vida-passa-a-ser-vivida-diante-de-uma-tela\/","url":"https:\/\/faculdadeguerra.edu.br\/novosite\/reflexoes-guerra-redes-sociais-e-saude-mental-o-que-acontece-com-a-mente-quando-a-vida-passa-a-ser-vivida-diante-de-uma-tela\/","name":"REFLEX\u00d5ES GUERRA - REDES SOCIAIS E SA\u00daDE MENTAL: O QUE ACONTECE COM A MENTE QUANDO A VIDA PASSA A SER VIVIDA DIANTE DE UMA TELA? - Faculdade Guerra","isPartOf":{"@id":"https:\/\/faculdadeguerra.edu.br\/novosite\/#website"},"primaryImageOfPage":{"@id":"https:\/\/faculdadeguerra.edu.br\/novosite\/reflexoes-guerra-redes-sociais-e-saude-mental-o-que-acontece-com-a-mente-quando-a-vida-passa-a-ser-vivida-diante-de-uma-tela\/#primaryimage"},"image":{"@id":"https:\/\/faculdadeguerra.edu.br\/novosite\/reflexoes-guerra-redes-sociais-e-saude-mental-o-que-acontece-com-a-mente-quando-a-vida-passa-a-ser-vivida-diante-de-uma-tela\/#primaryimage"},"thumbnailUrl":"https:\/\/i0.wp.com\/faculdadeguerra.edu.br\/novosite\/wp-content\/uploads\/2026\/09\/Gemini_Generated_Image_3vcm2r3vcm2r3vcm.jpg?fit=1264%2C843&ssl=1","datePublished":"2026-09-03T10:15:33+00:00","dateModified":"2026-09-03T10:15:34+00:00","breadcrumb":{"@id":"https:\/\/faculdadeguerra.edu.br\/novosite\/reflexoes-guerra-redes-sociais-e-saude-mental-o-que-acontece-com-a-mente-quando-a-vida-passa-a-ser-vivida-diante-de-uma-tela\/#breadcrumb"},"inLanguage":"pt-BR","potentialAction":[{"@type":"ReadAction","target":["https:\/\/faculdadeguerra.edu.br\/novosite\/reflexoes-guerra-redes-sociais-e-saude-mental-o-que-acontece-com-a-mente-quando-a-vida-passa-a-ser-vivida-diante-de-uma-tela\/"]}]},{"@type":"ImageObject","inLanguage":"pt-BR","@id":"https:\/\/faculdadeguerra.edu.br\/novosite\/reflexoes-guerra-redes-sociais-e-saude-mental-o-que-acontece-com-a-mente-quando-a-vida-passa-a-ser-vivida-diante-de-uma-tela\/#primaryimage","url":"https:\/\/i0.wp.com\/faculdadeguerra.edu.br\/novosite\/wp-content\/uploads\/2026\/09\/Gemini_Generated_Image_3vcm2r3vcm2r3vcm.jpg?fit=1264%2C843&ssl=1","contentUrl":"https:\/\/i0.wp.com\/faculdadeguerra.edu.br\/novosite\/wp-content\/uploads\/2026\/09\/Gemini_Generated_Image_3vcm2r3vcm2r3vcm.jpg?fit=1264%2C843&ssl=1","width":1264,"height":843},{"@type":"BreadcrumbList","@id":"https:\/\/faculdadeguerra.edu.br\/novosite\/reflexoes-guerra-redes-sociais-e-saude-mental-o-que-acontece-com-a-mente-quando-a-vida-passa-a-ser-vivida-diante-de-uma-tela\/#breadcrumb","itemListElement":[{"@type":"ListItem","position":1,"name":"In\u00edcio","item":"https:\/\/faculdadeguerra.edu.br\/novosite\/"},{"@type":"ListItem","position":2,"name":"REFLEX\u00d5ES GUERRA &#8211; REDES SOCIAIS E SA\u00daDE MENTAL: O QUE ACONTECE COM A MENTE QUANDO A VIDA PASSA A SER VIVIDA DIANTE DE UMA TELA?"}]},{"@type":"WebSite","@id":"https:\/\/faculdadeguerra.edu.br\/novosite\/#website","url":"https:\/\/faculdadeguerra.edu.br\/novosite\/","name":"Faculdade Guerra","description":"Faculdade Guerra: Excel\u00eancia acad\u00eamica em Direito e Seguran\u00e7a P\u00fablica. Gradua\u00e7\u00e3o, P\u00f3s-Gradua\u00e7\u00e3o e cursos t\u00e9cnicos com infraestrutura moderna e corpo docente renomado. Transforme sua carreira!","publisher":{"@id":"https:\/\/faculdadeguerra.edu.br\/novosite\/#organization"},"potentialAction":[{"@type":"SearchAction","target":{"@type":"EntryPoint","urlTemplate":"https:\/\/faculdadeguerra.edu.br\/novosite\/?s={search_term_string}"},"query-input":{"@type":"PropertyValueSpecification","valueRequired":true,"valueName":"search_term_string"}}],"inLanguage":"pt-BR"},{"@type":"Organization","@id":"https:\/\/faculdadeguerra.edu.br\/novosite\/#organization","name":"Faculdade Guerra","url":"https:\/\/faculdadeguerra.edu.br\/novosite\/","logo":{"@type":"ImageObject","inLanguage":"pt-BR","@id":"https:\/\/faculdadeguerra.edu.br\/novosite\/#\/schema\/logo\/image\/","url":"https:\/\/i0.wp.com\/faculdadeguerra.edu.br\/novosite\/wp-content\/uploads\/2025\/03\/logo.png?fit=2091%2C578&ssl=1","contentUrl":"https:\/\/i0.wp.com\/faculdadeguerra.edu.br\/novosite\/wp-content\/uploads\/2025\/03\/logo.png?fit=2091%2C578&ssl=1","width":2091,"height":578,"caption":"Faculdade Guerra"},"image":{"@id":"https:\/\/faculdadeguerra.edu.br\/novosite\/#\/schema\/logo\/image\/"}},{"@type":"Person","@id":"https:\/\/faculdadeguerra.edu.br\/novosite\/#\/schema\/person\/f91628e3b406ec9f0b0e99b1352d7ecc","name":"Conrado Conrado Vitali","image":{"@type":"ImageObject","inLanguage":"pt-BR","@id":"https:\/\/secure.gravatar.com\/avatar\/aeec7634f044d3fa787d458257d52bc6e8a9f3a10639a944291e8f741f45e417?s=96&d=mm&r=g","url":"https:\/\/secure.gravatar.com\/avatar\/aeec7634f044d3fa787d458257d52bc6e8a9f3a10639a944291e8f741f45e417?s=96&d=mm&r=g","contentUrl":"https:\/\/secure.gravatar.com\/avatar\/aeec7634f044d3fa787d458257d52bc6e8a9f3a10639a944291e8f741f45e417?s=96&d=mm&r=g","caption":"Conrado Conrado Vitali"},"url":"https:\/\/faculdadeguerra.edu.br\/novosite\/author\/conrado-vitali\/"}]}},"jetpack_sharing_enabled":true,"jetpack_featured_media_url":"https:\/\/i0.wp.com\/faculdadeguerra.edu.br\/novosite\/wp-content\/uploads\/2026\/09\/Gemini_Generated_Image_3vcm2r3vcm2r3vcm.jpg?fit=1264%2C843&ssl=1","_links":{"self":[{"href":"https:\/\/faculdadeguerra.edu.br\/novosite\/wp-json\/wp\/v2\/posts\/5301","targetHints":{"allow":["GET"]}}],"collection":[{"href":"https:\/\/faculdadeguerra.edu.br\/novosite\/wp-json\/wp\/v2\/posts"}],"about":[{"href":"https:\/\/faculdadeguerra.edu.br\/novosite\/wp-json\/wp\/v2\/types\/post"}],"author":[{"embeddable":true,"href":"https:\/\/faculdadeguerra.edu.br\/novosite\/wp-json\/wp\/v2\/users\/2"}],"replies":[{"embeddable":true,"href":"https:\/\/faculdadeguerra.edu.br\/novosite\/wp-json\/wp\/v2\/comments?post=5301"}],"version-history":[{"count":1,"href":"https:\/\/faculdadeguerra.edu.br\/novosite\/wp-json\/wp\/v2\/posts\/5301\/revisions"}],"predecessor-version":[{"id":5303,"href":"https:\/\/faculdadeguerra.edu.br\/novosite\/wp-json\/wp\/v2\/posts\/5301\/revisions\/5303"}],"wp:featuredmedia":[{"embeddable":true,"href":"https:\/\/faculdadeguerra.edu.br\/novosite\/wp-json\/wp\/v2\/media\/5302"}],"wp:attachment":[{"href":"https:\/\/faculdadeguerra.edu.br\/novosite\/wp-json\/wp\/v2\/media?parent=5301"}],"wp:term":[{"taxonomy":"category","embeddable":true,"href":"https:\/\/faculdadeguerra.edu.br\/novosite\/wp-json\/wp\/v2\/categories?post=5301"},{"taxonomy":"post_tag","embeddable":true,"href":"https:\/\/faculdadeguerra.edu.br\/novosite\/wp-json\/wp\/v2\/tags?post=5301"}],"curies":[{"name":"wp","href":"https:\/\/api.w.org\/{rel}","templated":true}]}}