{"id":5295,"date":"2026-09-02T08:17:14","date_gmt":"2026-09-02T11:17:14","guid":{"rendered":"https:\/\/faculdadeguerra.edu.br\/novosite\/?p=5295"},"modified":"2026-09-02T08:22:26","modified_gmt":"2026-09-02T11:22:26","slug":"direito-da-faculdade-guerra-conquista-conceito-5-no-mec-e-se-consolida-como-referencia-para-policiais-do-df","status":"publish","type":"post","link":"https:\/\/faculdadeguerra.edu.br\/novosite\/direito-da-faculdade-guerra-conquista-conceito-5-no-mec-e-se-consolida-como-referencia-para-policiais-do-df\/","title":{"rendered":"DIREITO DA FACULDADE GUERRA CONQUISTA CONCEITO 5 NO MEC E SE CONSOLIDA COMO REFER\u00caNCIA PARA POLICIAIS DO DF"},"content":{"rendered":"\n<p class=\"wp-block-paragraph\"><strong><em>Nota m\u00e1xima j\u00e1 est\u00e1 dispon\u00edvel no e-MEC e refor\u00e7a a excel\u00eancia de um curso que foi pioneiro na forma\u00e7\u00e3o jur\u00eddica voltada aos profissionais da seguran\u00e7a p\u00fablica<\/em><\/strong><\/p>\n\n\n\n<p class=\"wp-block-paragraph\">O curso de Direito da Faculdade Guerra acaba de alcan\u00e7ar um dos mais importantes reconhecimentos de sua trajet\u00f3ria acad\u00eamica:&nbsp;<strong>conceito 5, a nota m\u00e1xima, na avalia\u00e7\u00e3o do Minist\u00e9rio da Educa\u00e7\u00e3o (MEC)<\/strong>.<\/p>\n\n\n\n<p class=\"wp-block-paragraph\">O resultado j\u00e1 est\u00e1 dispon\u00edvel na plataforma&nbsp;<strong>e-MEC<\/strong>&nbsp;e representa uma importante chancela da qualidade acad\u00eamica do curso. A publica\u00e7\u00e3o da portaria formal de reconhecimento no Di\u00e1rio Oficial da Uni\u00e3o ainda aguarda conclus\u00e3o.<\/p>\n\n\n\n<p class=\"wp-block-paragraph\">Para a Faculdade Guerra, entretanto, a conquista tem um significado que vai al\u00e9m da avalia\u00e7\u00e3o institucional. Ela fortalece uma proposta que acompanha a pr\u00f3pria identidade da institui\u00e7\u00e3o:&nbsp;<strong>oferecer forma\u00e7\u00e3o superior de excel\u00eancia conectada \u00e0 realidade dos profissionais da seguran\u00e7a p\u00fablica, especialmente dos policiais do Distrito Federal<\/strong>.<\/p>\n\n\n\n<p class=\"wp-block-paragraph\">E \u00e9 justamente nesse segmento que o curso de Direito da Faculdade Guerra construiu uma trajet\u00f3ria pioneira.<\/p>\n\n\n\n<p class=\"wp-block-paragraph\"><strong>Uma faculdade que enxergou antes a necessidade do policial<\/strong><\/p>\n\n\n\n<figure class=\"wp-block-image size-large\"><img data-recalc-dims=\"1\" fetchpriority=\"high\" decoding=\"async\" width=\"800\" height=\"447\" src=\"https:\/\/i0.wp.com\/faculdadeguerra.edu.br\/novosite\/wp-content\/uploads\/2026\/09\/Gemini_Generated_Image_68ub8668ub8668ub.jpg?resize=800%2C447&#038;ssl=1\" alt=\"\" class=\"wp-image-5299\" srcset=\"https:\/\/i0.wp.com\/faculdadeguerra.edu.br\/novosite\/wp-content\/uploads\/2026\/09\/Gemini_Generated_Image_68ub8668ub8668ub.jpg?resize=1024%2C572&amp;ssl=1 1024w, https:\/\/i0.wp.com\/faculdadeguerra.edu.br\/novosite\/wp-content\/uploads\/2026\/09\/Gemini_Generated_Image_68ub8668ub8668ub.jpg?resize=300%2C167&amp;ssl=1 300w, https:\/\/i0.wp.com\/faculdadeguerra.edu.br\/novosite\/wp-content\/uploads\/2026\/09\/Gemini_Generated_Image_68ub8668ub8668ub.jpg?resize=768%2C429&amp;ssl=1 768w, https:\/\/i0.wp.com\/faculdadeguerra.edu.br\/novosite\/wp-content\/uploads\/2026\/09\/Gemini_Generated_Image_68ub8668ub8668ub.jpg?w=1376&amp;ssl=1 1376w\" sizes=\"(max-width: 800px) 100vw, 800px\" \/><\/figure>\n\n\n\n<p class=\"wp-block-paragraph\">A forma\u00e7\u00e3o jur\u00eddica dos policiais ganhou import\u00e2ncia crescente nos \u00faltimos anos, especialmente diante das transforma\u00e7\u00f5es nas exig\u00eancias para progress\u00e3o e ocupa\u00e7\u00e3o de determinadas fun\u00e7\u00f5es na carreira militar.<\/p>\n\n\n\n<p class=\"wp-block-paragraph\">A Faculdade Guerra, por\u00e9m, j\u00e1 havia identificado essa necessidade antes mesmo de mudan\u00e7as legislativas e administrativas tornarem ainda mais evidente a import\u00e2ncia do diploma de Direito para a carreira dos oficiais da Pol\u00edcia Militar do Distrito Federal.<\/p>\n\n\n\n<p class=\"wp-block-paragraph\">A institui\u00e7\u00e3o esteve entre as pioneiras no DF na oferta de&nbsp;<strong>Direito pensado tamb\u00e9m para policiais<\/strong>, criando uma ponte entre a forma\u00e7\u00e3o acad\u00eamica e as necessidades concretas de quem atua diariamente na seguran\u00e7a p\u00fablica.<\/p>\n\n\n\n<p class=\"wp-block-paragraph\">A l\u00f3gica \u00e9 simples:&nbsp;<strong>quanto maior a responsabilidade do policial, maior tamb\u00e9m \u00e9 a necessidade de dom\u00ednio do Direito.<\/strong><\/p>\n\n\n\n<p class=\"wp-block-paragraph\">Atuar na seguran\u00e7a p\u00fablica significa lidar permanentemente com legisla\u00e7\u00e3o, direitos fundamentais, procedimentos, responsabilidades administrativas e penais, decis\u00f5es judiciais e limites legais da atua\u00e7\u00e3o estatal.<\/p>\n\n\n\n<p class=\"wp-block-paragraph\">Por isso, para o policial que pretende crescer profissionalmente, assumir fun\u00e7\u00f5es de comando ou ampliar suas possibilidades de carreira, a gradua\u00e7\u00e3o em Direito pode representar muito mais do que um diploma.<\/p>\n\n\n\n<p class=\"wp-block-paragraph\">Pode representar&nbsp;<strong>qualifica\u00e7\u00e3o, seguran\u00e7a t\u00e9cnica e novas oportunidades profissionais<\/strong>.<\/p>\n\n\n\n<p class=\"wp-block-paragraph\"><strong>Conceito 5: a nota m\u00e1xima que fortalece o curso<\/strong><\/p>\n\n\n\n<p class=\"wp-block-paragraph\">A conquista do conceito 5 acrescenta uma credencial de grande relev\u00e2ncia \u00e0 trajet\u00f3ria do curso de Direito da Faculdade Guerra.<\/p>\n\n\n\n<p class=\"wp-block-paragraph\">A avalia\u00e7\u00e3o m\u00e1xima refor\u00e7a a qualidade da gradua\u00e7\u00e3o e posiciona o curso entre os destaques do ensino jur\u00eddico do Distrito Federal.<\/p>\n\n\n\n<p class=\"wp-block-paragraph\">Para a institui\u00e7\u00e3o, o resultado tamb\u00e9m confirma uma escolha estrat\u00e9gica: investir em uma forma\u00e7\u00e3o jur\u00eddica conectada \u00e0 realidade profissional de seus alunos.<\/p>\n\n\n\n<p class=\"wp-block-paragraph\"><strong>N\u00e3o se trata apenas de oferecer Direito. Trata-se de formar profissionais capazes de compreender o Direito e aplic\u00e1-lo em realidades complexas.<\/strong><\/p>\n\n\n\n<p class=\"wp-block-paragraph\">E, no caso dos policiais, essa prepara\u00e7\u00e3o ganha uma dimens\u00e3o especial.<\/p>\n\n\n\n<p class=\"wp-block-paragraph\">Um policial que conhece Direito est\u00e1 mais preparado para interpretar normas, compreender seus deveres e responsabilidades, tomar decis\u00f5es fundamentadas e atuar com maior seguran\u00e7a diante dos desafios da atividade policial.<\/p>\n\n\n\n<p class=\"wp-block-paragraph\"><strong>At\u00e9 dois anos a menos: aproveitamento de estudos pode acelerar a gradua\u00e7\u00e3o<\/strong><\/p>\n\n\n\n<p class=\"wp-block-paragraph\">Outro diferencial importante para policiais que j\u00e1 possuem forma\u00e7\u00e3o superior ou estudos realizados anteriormente \u00e9 a possibilidade de&nbsp;<strong>aproveitamento de estudos<\/strong>.<\/p>\n\n\n\n<p class=\"wp-block-paragraph\">O curso de Direito possui dura\u00e7\u00e3o regular de cinco anos. Entretanto, quando o estudante j\u00e1 realizou disciplinas ou componentes curriculares compat\u00edveis em outro curso de gradua\u00e7\u00e3o, esses estudos podem ser submetidos \u00e0 an\u00e1lise acad\u00eamica para eventual aproveitamento.<\/p>\n\n\n\n<p class=\"wp-block-paragraph\">Dependendo do hist\u00f3rico escolar e da compatibilidade dos componentes curriculares,&nbsp;<strong>o tempo necess\u00e1rio para integraliza\u00e7\u00e3o da gradua\u00e7\u00e3o pode ser reduzido em at\u00e9 dois anos<\/strong>.<\/p>\n\n\n\n<p class=\"wp-block-paragraph\">Isso representa uma vantagem especialmente importante para policiais que precisam conciliar&nbsp;<strong>carreira, escala de trabalho, fam\u00edlia e forma\u00e7\u00e3o acad\u00eamica<\/strong>.<\/p>\n\n\n\n<p class=\"wp-block-paragraph\">Em vez de ignorar a trajet\u00f3ria educacional que o profissional j\u00e1 construiu, a Faculdade Guerra pode aproveit\u00e1-la dentro das regras acad\u00eamicas aplic\u00e1veis.<\/p>\n\n\n\n<p class=\"wp-block-paragraph\"><strong>Sua experi\u00eancia n\u00e3o precisa come\u00e7ar do zero.<\/strong><\/p>\n\n\n\n<p class=\"wp-block-paragraph\">Esse \u00e9 um dos conceitos que orientam a proposta da Faculdade Guerra para profissionais que j\u00e1 est\u00e3o no mercado de trabalho e desejam avan\u00e7ar na carreira por meio de uma nova gradua\u00e7\u00e3o.<\/p>\n\n\n\n<p class=\"wp-block-paragraph\"><strong>Direito e Seguran\u00e7a P\u00fablica: duas \u00e1reas que caminham juntas<\/strong><\/p>\n\n\n\n<p class=\"wp-block-paragraph\">A rela\u00e7\u00e3o entre Direito e seguran\u00e7a p\u00fablica \u00e9 direta.<\/p>\n\n\n\n<p class=\"wp-block-paragraph\">O policial exerce uma fun\u00e7\u00e3o de Estado e, por isso, sua atividade est\u00e1 permanentemente submetida ao ordenamento jur\u00eddico.<\/p>\n\n\n\n<p class=\"wp-block-paragraph\">Conhecer profundamente as normas que regulam sua atua\u00e7\u00e3o significa compreender melhor n\u00e3o apenas aquilo que o policial&nbsp;<strong>pode fazer<\/strong>, mas tamb\u00e9m aquilo que deve fazer, os limites de sua atua\u00e7\u00e3o e as responsabilidades decorrentes de suas decis\u00f5es.<\/p>\n\n\n\n<p class=\"wp-block-paragraph\">\u00c9 nesse ambiente que a forma\u00e7\u00e3o jur\u00eddica assume um papel estrat\u00e9gico.<\/p>\n\n\n\n<p class=\"wp-block-paragraph\">Para a Faculdade Guerra, preparar profissionais de seguran\u00e7a p\u00fablica para compreender o Direito significa tamb\u00e9m contribuir para uma atividade policial&nbsp;<strong>mais qualificada, respons\u00e1vel e tecnicamente preparada<\/strong>.<\/p>\n\n\n\n<p class=\"wp-block-paragraph\"><strong>Um coordenador que conhece a sala de aula e a realidade das ruas<\/strong><\/p>\n\n\n\n<figure class=\"wp-block-image size-large\"><img data-recalc-dims=\"1\" decoding=\"async\" width=\"800\" height=\"484\" src=\"https:\/\/i0.wp.com\/faculdadeguerra.edu.br\/novosite\/wp-content\/uploads\/2026\/09\/ChatGPT-Image-2-de-set.-de-2026-08_12_27.png?resize=800%2C484&#038;ssl=1\" alt=\"\" class=\"wp-image-5296\" srcset=\"https:\/\/i0.wp.com\/faculdadeguerra.edu.br\/novosite\/wp-content\/uploads\/2026\/09\/ChatGPT-Image-2-de-set.-de-2026-08_12_27.png?resize=1024%2C620&amp;ssl=1 1024w, https:\/\/i0.wp.com\/faculdadeguerra.edu.br\/novosite\/wp-content\/uploads\/2026\/09\/ChatGPT-Image-2-de-set.-de-2026-08_12_27.png?resize=300%2C182&amp;ssl=1 300w, https:\/\/i0.wp.com\/faculdadeguerra.edu.br\/novosite\/wp-content\/uploads\/2026\/09\/ChatGPT-Image-2-de-set.-de-2026-08_12_27.png?resize=768%2C465&amp;ssl=1 768w, https:\/\/i0.wp.com\/faculdadeguerra.edu.br\/novosite\/wp-content\/uploads\/2026\/09\/ChatGPT-Image-2-de-set.-de-2026-08_12_27.png?resize=1536%2C930&amp;ssl=1 1536w, https:\/\/i0.wp.com\/faculdadeguerra.edu.br\/novosite\/wp-content\/uploads\/2026\/09\/ChatGPT-Image-2-de-set.-de-2026-08_12_27.png?w=1612&amp;ssl=1 1612w\" sizes=\"(max-width: 800px) 100vw, 800px\" \/><\/figure>\n\n\n\n<p class=\"wp-block-paragraph\">\u00c0 frente do curso de Direito est\u00e1 o professor&nbsp;<strong>Leandro Doroteu<\/strong>, coordenador da gradua\u00e7\u00e3o e coronel da Pol\u00edcia Militar do Distrito Federal.<\/p>\n\n\n\n<p class=\"wp-block-paragraph\">A experi\u00eancia profissional do coordenador dentro da pr\u00f3pria carreira policial ajuda a aproximar a forma\u00e7\u00e3o acad\u00eamica da realidade vivenciada pelos estudantes que tamb\u00e9m integram as for\u00e7as de seguran\u00e7a.<\/p>\n\n\n\n<p class=\"wp-block-paragraph\">Para Doroteu, o conceito m\u00e1ximo obtido pelo curso representa o reconhecimento de um projeto acad\u00eamico que procura compreender as necessidades espec\u00edficas desses profissionais.<\/p>\n\n\n\n<p class=\"wp-block-paragraph\"><strong><em>\u201cO conceito 5 confirma que estamos no caminho certo. Temos uma proposta de forma\u00e7\u00e3o jur\u00eddica de excel\u00eancia, mas tamb\u00e9m temos a preocupa\u00e7\u00e3o de compreender quem \u00e9 o nosso aluno. No caso dos policiais, estamos falando de profissionais que j\u00e1 possuem experi\u00eancia, responsabilidades e uma rotina muito espec\u00edfica. A gradua\u00e7\u00e3o precisa dialogar com essa realidade.\u201d<\/em><\/strong><\/p>\n\n\n\n<p class=\"wp-block-paragraph\">O coordenador destaca ainda a import\u00e2ncia da forma\u00e7\u00e3o jur\u00eddica para o desenvolvimento da carreira policial.<\/p>\n\n\n\n<p class=\"wp-block-paragraph\"><strong><em>\u201cO Direito est\u00e1 presente em praticamente todas as dimens\u00f5es da atividade policial. Quanto mais preparado juridicamente estiver o profissional, maior ser\u00e1 sua capacidade de compreender suas responsabilidades, tomar decis\u00f5es fundamentadas e exercer fun\u00e7\u00f5es de lideran\u00e7a e comando. Nosso objetivo \u00e9 formar um profissional de seguran\u00e7a p\u00fablica ainda mais qualificado.\u201d<\/em><\/strong><\/p>\n\n\n\n<p class=\"wp-block-paragraph\"><strong>Para quem quer mais do que um diploma<\/strong><\/p>\n\n\n\n<p class=\"wp-block-paragraph\">A conquista do conceito 5 ocorre em um momento de expans\u00e3o da Faculdade Guerra e refor\u00e7a a identidade da institui\u00e7\u00e3o no ensino superior do Distrito Federal.<\/p>\n\n\n\n<p class=\"wp-block-paragraph\">Para o policial que deseja investir na carreira, o curso re\u00fane diferenciais importantes:<\/p>\n\n\n\n<p class=\"wp-block-paragraph\"><strong>\u2713<\/strong><strong>&nbsp;Conceito 5 no e-MEC<\/strong><br><strong>\u2713<\/strong><strong>&nbsp;Forma\u00e7\u00e3o jur\u00eddica de excel\u00eancia<\/strong><br><strong>\u2713<\/strong><strong>&nbsp;Tradi\u00e7\u00e3o e pioneirismo na oferta de Direito para policiais no DF<\/strong><br><strong>\u2713<\/strong><strong>&nbsp;Possibilidade de aproveitamento de estudos anteriores<\/strong><br><strong>\u2713<\/strong><strong>&nbsp;Potencial de redu\u00e7\u00e3o de at\u00e9 dois anos no tempo de integraliza\u00e7\u00e3o, conforme an\u00e1lise acad\u00eamica<\/strong><br><strong>\u2713<\/strong><strong>&nbsp;Forma\u00e7\u00e3o conectada \u00e0 realidade da seguran\u00e7a p\u00fablica<\/strong><br><strong>\u2713<\/strong><strong>&nbsp;Coordena\u00e7\u00e3o com experi\u00eancia direta na carreira policial<\/strong><\/p>\n\n\n\n<p class=\"wp-block-paragraph\"><strong>O pr\u00f3ximo passo da sua carreira pode come\u00e7ar com o Direito<\/strong><\/p>\n\n\n\n<p class=\"wp-block-paragraph\">Durante anos, a Faculdade Guerra apostou em uma ideia que hoje se mostra cada vez mais atual:&nbsp;<strong>o policial do futuro precisa estar cada vez mais preparado tamb\u00e9m juridicamente.<\/strong><\/p>\n\n\n\n<p class=\"wp-block-paragraph\">O conceito 5 conquistado pelo curso de Direito confirma a qualidade dessa escolha e fortalece uma proposta que nasceu olhando para uma necessidade concreta dos profissionais da seguran\u00e7a p\u00fablica.<\/p>\n\n\n\n<p class=\"wp-block-paragraph\">Para quem j\u00e1 est\u00e1 na carreira e deseja ampliar seus horizontes, o momento pode ser agora.<\/p>\n\n\n\n<p class=\"wp-block-paragraph\"><strong>Faculdade Guerra. Direito com excel\u00eancia. Forma\u00e7\u00e3o conectada \u00e0 realidade. Uma gradua\u00e7\u00e3o pensada tamb\u00e9m para quem protege a sociedade.<\/strong><\/p>\n\n\n\n<p class=\"wp-block-paragraph\"><strong>Quer saber se seus estudos anteriores podem ser aproveitados e quanto tempo voc\u00ea poder\u00e1 economizar na gradua\u00e7\u00e3o? Procure a Faculdade Guerra e fa\u00e7a uma an\u00e1lise do seu hist\u00f3rico acad\u00eamico.<\/strong><\/p>\n\n\n\n<p class=\"wp-block-paragraph\"><strong>Seu pr\u00f3ximo passo profissional pode come\u00e7ar com um diploma de Direito.<\/strong><\/p>\n","protected":false},"excerpt":{"rendered":"<p>Nota m\u00e1xima j\u00e1 est\u00e1 dispon\u00edvel no e-MEC e refor\u00e7a a excel\u00eancia de um curso que foi pioneiro na forma\u00e7\u00e3o jur\u00eddica voltada aos profissionais da seguran\u00e7a p\u00fablica O curso de Direito da Faculdade Guerra acaba de alcan\u00e7ar um dos mais importantes reconhecimentos de sua trajet\u00f3ria acad\u00eamica:&nbsp;conceito 5, a nota m\u00e1xima, na avalia\u00e7\u00e3o do Minist\u00e9rio da Educa\u00e7\u00e3o [&hellip;]<\/p>\n","protected":false},"author":2,"featured_media":5297,"comment_status":"closed","ping_status":"open","sticky":false,"template":"","format":"standard","meta":{"_jetpack_newsletter_access":"","_jetpack_dont_email_post_to_subs":false,"_jetpack_newsletter_tier_id":0,"_jetpack_memberships_contains_paywalled_content":false,"_jetpack_feature_clip_id":0,"_jetpack_memberships_contains_paid_content":false,"_joinchat":[],"footnotes":"","jetpack_post_was_ever_published":false},"categories":[67],"tags":[330],"class_list":["post-5295","post","type-post","status-publish","format-standard","has-post-thumbnail","hentry","category-avaliacoes-do-mec-2","tag-destaque-02-09-2026"],"yoast_head":"<!-- This site is optimized with the Yoast SEO plugin v28.4 - https:\/\/yoast.com\/product\/yoast-seo-wordpress\/ -->\n<title>DIREITO DA FACULDADE GUERRA CONQUISTA CONCEITO 5 NO MEC E SE CONSOLIDA COMO REFER\u00caNCIA PARA POLICIAIS DO DF - Faculdade Guerra<\/title>\n<meta name=\"robots\" content=\"index, follow, max-snippet:-1, max-image-preview:large, max-video-preview:-1\" \/>\n<link rel=\"canonical\" href=\"https:\/\/faculdadeguerra.edu.br\/novosite\/direito-da-faculdade-guerra-conquista-conceito-5-no-mec-e-se-consolida-como-referencia-para-policiais-do-df\/\" \/>\n<meta property=\"og:locale\" content=\"pt_BR\" \/>\n<meta property=\"og:type\" content=\"article\" \/>\n<meta property=\"og:title\" content=\"DIREITO DA FACULDADE GUERRA CONQUISTA CONCEITO 5 NO MEC E SE CONSOLIDA COMO REFER\u00caNCIA PARA POLICIAIS DO DF - Faculdade Guerra\" \/>\n<meta property=\"og:description\" content=\"Nota m\u00e1xima j\u00e1 est\u00e1 dispon\u00edvel no e-MEC e refor\u00e7a a excel\u00eancia de um curso que foi pioneiro na forma\u00e7\u00e3o jur\u00eddica voltada aos profissionais da seguran\u00e7a p\u00fablica O curso de Direito da Faculdade Guerra acaba de alcan\u00e7ar um dos mais importantes reconhecimentos de sua trajet\u00f3ria acad\u00eamica:&nbsp;conceito 5, a nota m\u00e1xima, na avalia\u00e7\u00e3o do Minist\u00e9rio da Educa\u00e7\u00e3o [&hellip;]\" \/>\n<meta property=\"og:url\" content=\"https:\/\/faculdadeguerra.edu.br\/novosite\/direito-da-faculdade-guerra-conquista-conceito-5-no-mec-e-se-consolida-como-referencia-para-policiais-do-df\/\" \/>\n<meta property=\"og:site_name\" content=\"Faculdade Guerra\" \/>\n<meta property=\"article:published_time\" content=\"2026-09-02T11:17:14+00:00\" \/>\n<meta property=\"article:modified_time\" content=\"2026-09-02T11:22:26+00:00\" \/>\n<meta property=\"og:image\" content=\"https:\/\/faculdadeguerra.edu.br\/novosite\/wp-content\/uploads\/2026\/09\/ChatGPT-Image-2-de-set.-de-2026-08_12_17.png\" \/>\n\t<meta property=\"og:image:width\" content=\"1569\" \/>\n\t<meta property=\"og:image:height\" content=\"1003\" \/>\n\t<meta property=\"og:image:type\" content=\"image\/png\" \/>\n<meta name=\"author\" content=\"Conrado Conrado Vitali\" \/>\n<meta name=\"twitter:card\" content=\"summary_large_image\" \/>\n<meta name=\"twitter:label1\" content=\"Escrito por\" \/>\n\t<meta name=\"twitter:data1\" content=\"Conrado Conrado Vitali\" \/>\n\t<meta name=\"twitter:label2\" content=\"Est. tempo de leitura\" \/>\n\t<meta name=\"twitter:data2\" content=\"8 minutos\" \/>\n<script type=\"application\/ld+json\" class=\"yoast-schema-graph\">{\"@context\":\"https:\\\/\\\/schema.org\",\"@graph\":[{\"@type\":\"Article\",\"@id\":\"https:\\\/\\\/faculdadeguerra.edu.br\\\/novosite\\\/direito-da-faculdade-guerra-conquista-conceito-5-no-mec-e-se-consolida-como-referencia-para-policiais-do-df\\\/#article\",\"isPartOf\":{\"@id\":\"https:\\\/\\\/faculdadeguerra.edu.br\\\/novosite\\\/direito-da-faculdade-guerra-conquista-conceito-5-no-mec-e-se-consolida-como-referencia-para-policiais-do-df\\\/\"},\"author\":{\"name\":\"Conrado Conrado Vitali\",\"@id\":\"https:\\\/\\\/faculdadeguerra.edu.br\\\/novosite\\\/#\\\/schema\\\/person\\\/f91628e3b406ec9f0b0e99b1352d7ecc\"},\"headline\":\"DIREITO DA FACULDADE GUERRA CONQUISTA CONCEITO 5 NO MEC E SE CONSOLIDA COMO REFER\u00caNCIA PARA POLICIAIS DO DF\",\"datePublished\":\"2026-09-02T11:17:14+00:00\",\"dateModified\":\"2026-09-02T11:22:26+00:00\",\"mainEntityOfPage\":{\"@id\":\"https:\\\/\\\/faculdadeguerra.edu.br\\\/novosite\\\/direito-da-faculdade-guerra-conquista-conceito-5-no-mec-e-se-consolida-como-referencia-para-policiais-do-df\\\/\"},\"wordCount\":1409,\"publisher\":{\"@id\":\"https:\\\/\\\/faculdadeguerra.edu.br\\\/novosite\\\/#organization\"},\"image\":{\"@id\":\"https:\\\/\\\/faculdadeguerra.edu.br\\\/novosite\\\/direito-da-faculdade-guerra-conquista-conceito-5-no-mec-e-se-consolida-como-referencia-para-policiais-do-df\\\/#primaryimage\"},\"thumbnailUrl\":\"https:\\\/\\\/i0.wp.com\\\/faculdadeguerra.edu.br\\\/novosite\\\/wp-content\\\/uploads\\\/2026\\\/09\\\/ChatGPT-Image-2-de-set.-de-2026-08_12_17.png?fit=1569%2C1003&ssl=1\",\"keywords\":[\"Destaque 02\\\/09\\\/2026\"],\"articleSection\":[\"Avalia\u00e7\u00f5es do MEC\"],\"inLanguage\":\"pt-BR\"},{\"@type\":\"WebPage\",\"@id\":\"https:\\\/\\\/faculdadeguerra.edu.br\\\/novosite\\\/direito-da-faculdade-guerra-conquista-conceito-5-no-mec-e-se-consolida-como-referencia-para-policiais-do-df\\\/\",\"url\":\"https:\\\/\\\/faculdadeguerra.edu.br\\\/novosite\\\/direito-da-faculdade-guerra-conquista-conceito-5-no-mec-e-se-consolida-como-referencia-para-policiais-do-df\\\/\",\"name\":\"DIREITO DA FACULDADE GUERRA CONQUISTA CONCEITO 5 NO MEC E SE CONSOLIDA COMO REFER\u00caNCIA PARA POLICIAIS DO DF - Faculdade Guerra\",\"isPartOf\":{\"@id\":\"https:\\\/\\\/faculdadeguerra.edu.br\\\/novosite\\\/#website\"},\"primaryImageOfPage\":{\"@id\":\"https:\\\/\\\/faculdadeguerra.edu.br\\\/novosite\\\/direito-da-faculdade-guerra-conquista-conceito-5-no-mec-e-se-consolida-como-referencia-para-policiais-do-df\\\/#primaryimage\"},\"image\":{\"@id\":\"https:\\\/\\\/faculdadeguerra.edu.br\\\/novosite\\\/direito-da-faculdade-guerra-conquista-conceito-5-no-mec-e-se-consolida-como-referencia-para-policiais-do-df\\\/#primaryimage\"},\"thumbnailUrl\":\"https:\\\/\\\/i0.wp.com\\\/faculdadeguerra.edu.br\\\/novosite\\\/wp-content\\\/uploads\\\/2026\\\/09\\\/ChatGPT-Image-2-de-set.-de-2026-08_12_17.png?fit=1569%2C1003&ssl=1\",\"datePublished\":\"2026-09-02T11:17:14+00:00\",\"dateModified\":\"2026-09-02T11:22:26+00:00\",\"breadcrumb\":{\"@id\":\"https:\\\/\\\/faculdadeguerra.edu.br\\\/novosite\\\/direito-da-faculdade-guerra-conquista-conceito-5-no-mec-e-se-consolida-como-referencia-para-policiais-do-df\\\/#breadcrumb\"},\"inLanguage\":\"pt-BR\",\"potentialAction\":[{\"@type\":\"ReadAction\",\"target\":[\"https:\\\/\\\/faculdadeguerra.edu.br\\\/novosite\\\/direito-da-faculdade-guerra-conquista-conceito-5-no-mec-e-se-consolida-como-referencia-para-policiais-do-df\\\/\"]}]},{\"@type\":\"ImageObject\",\"inLanguage\":\"pt-BR\",\"@id\":\"https:\\\/\\\/faculdadeguerra.edu.br\\\/novosite\\\/direito-da-faculdade-guerra-conquista-conceito-5-no-mec-e-se-consolida-como-referencia-para-policiais-do-df\\\/#primaryimage\",\"url\":\"https:\\\/\\\/i0.wp.com\\\/faculdadeguerra.edu.br\\\/novosite\\\/wp-content\\\/uploads\\\/2026\\\/09\\\/ChatGPT-Image-2-de-set.-de-2026-08_12_17.png?fit=1569%2C1003&ssl=1\",\"contentUrl\":\"https:\\\/\\\/i0.wp.com\\\/faculdadeguerra.edu.br\\\/novosite\\\/wp-content\\\/uploads\\\/2026\\\/09\\\/ChatGPT-Image-2-de-set.-de-2026-08_12_17.png?fit=1569%2C1003&ssl=1\",\"width\":1569,\"height\":1003},{\"@type\":\"BreadcrumbList\",\"@id\":\"https:\\\/\\\/faculdadeguerra.edu.br\\\/novosite\\\/direito-da-faculdade-guerra-conquista-conceito-5-no-mec-e-se-consolida-como-referencia-para-policiais-do-df\\\/#breadcrumb\",\"itemListElement\":[{\"@type\":\"ListItem\",\"position\":1,\"name\":\"In\u00edcio\",\"item\":\"https:\\\/\\\/faculdadeguerra.edu.br\\\/novosite\\\/\"},{\"@type\":\"ListItem\",\"position\":2,\"name\":\"DIREITO DA FACULDADE GUERRA CONQUISTA CONCEITO 5 NO MEC E SE CONSOLIDA COMO REFER\u00caNCIA PARA POLICIAIS DO DF\"}]},{\"@type\":\"WebSite\",\"@id\":\"https:\\\/\\\/faculdadeguerra.edu.br\\\/novosite\\\/#website\",\"url\":\"https:\\\/\\\/faculdadeguerra.edu.br\\\/novosite\\\/\",\"name\":\"Faculdade Guerra\",\"description\":\"Faculdade Guerra: Excel\u00eancia acad\u00eamica em Direito e Seguran\u00e7a P\u00fablica. Gradua\u00e7\u00e3o, P\u00f3s-Gradua\u00e7\u00e3o e cursos t\u00e9cnicos com infraestrutura moderna e corpo docente renomado. Transforme sua carreira!\",\"publisher\":{\"@id\":\"https:\\\/\\\/faculdadeguerra.edu.br\\\/novosite\\\/#organization\"},\"potentialAction\":[{\"@type\":\"SearchAction\",\"target\":{\"@type\":\"EntryPoint\",\"urlTemplate\":\"https:\\\/\\\/faculdadeguerra.edu.br\\\/novosite\\\/?s={search_term_string}\"},\"query-input\":{\"@type\":\"PropertyValueSpecification\",\"valueRequired\":true,\"valueName\":\"search_term_string\"}}],\"inLanguage\":\"pt-BR\"},{\"@type\":\"Organization\",\"@id\":\"https:\\\/\\\/faculdadeguerra.edu.br\\\/novosite\\\/#organization\",\"name\":\"Faculdade Guerra\",\"url\":\"https:\\\/\\\/faculdadeguerra.edu.br\\\/novosite\\\/\",\"logo\":{\"@type\":\"ImageObject\",\"inLanguage\":\"pt-BR\",\"@id\":\"https:\\\/\\\/faculdadeguerra.edu.br\\\/novosite\\\/#\\\/schema\\\/logo\\\/image\\\/\",\"url\":\"https:\\\/\\\/i0.wp.com\\\/faculdadeguerra.edu.br\\\/novosite\\\/wp-content\\\/uploads\\\/2025\\\/03\\\/logo.png?fit=2091%2C578&ssl=1\",\"contentUrl\":\"https:\\\/\\\/i0.wp.com\\\/faculdadeguerra.edu.br\\\/novosite\\\/wp-content\\\/uploads\\\/2025\\\/03\\\/logo.png?fit=2091%2C578&ssl=1\",\"width\":2091,\"height\":578,\"caption\":\"Faculdade Guerra\"},\"image\":{\"@id\":\"https:\\\/\\\/faculdadeguerra.edu.br\\\/novosite\\\/#\\\/schema\\\/logo\\\/image\\\/\"}},{\"@type\":\"Person\",\"@id\":\"https:\\\/\\\/faculdadeguerra.edu.br\\\/novosite\\\/#\\\/schema\\\/person\\\/f91628e3b406ec9f0b0e99b1352d7ecc\",\"name\":\"Conrado Conrado Vitali\",\"image\":{\"@type\":\"ImageObject\",\"inLanguage\":\"pt-BR\",\"@id\":\"https:\\\/\\\/secure.gravatar.com\\\/avatar\\\/aeec7634f044d3fa787d458257d52bc6e8a9f3a10639a944291e8f741f45e417?s=96&d=mm&r=g\",\"url\":\"https:\\\/\\\/secure.gravatar.com\\\/avatar\\\/aeec7634f044d3fa787d458257d52bc6e8a9f3a10639a944291e8f741f45e417?s=96&d=mm&r=g\",\"contentUrl\":\"https:\\\/\\\/secure.gravatar.com\\\/avatar\\\/aeec7634f044d3fa787d458257d52bc6e8a9f3a10639a944291e8f741f45e417?s=96&d=mm&r=g\",\"caption\":\"Conrado Conrado Vitali\"},\"url\":\"https:\\\/\\\/faculdadeguerra.edu.br\\\/novosite\\\/author\\\/conrado-vitali\\\/\"}]}<\/script>\n<!-- \/ Yoast SEO plugin. -->","yoast_head_json":{"title":"DIREITO DA FACULDADE GUERRA CONQUISTA CONCEITO 5 NO MEC E SE CONSOLIDA COMO REFER\u00caNCIA PARA POLICIAIS DO DF - Faculdade Guerra","robots":{"index":"index","follow":"follow","max-snippet":"max-snippet:-1","max-image-preview":"max-image-preview:large","max-video-preview":"max-video-preview:-1"},"canonical":"https:\/\/faculdadeguerra.edu.br\/novosite\/direito-da-faculdade-guerra-conquista-conceito-5-no-mec-e-se-consolida-como-referencia-para-policiais-do-df\/","og_locale":"pt_BR","og_type":"article","og_title":"DIREITO DA FACULDADE GUERRA CONQUISTA CONCEITO 5 NO MEC E SE CONSOLIDA COMO REFER\u00caNCIA PARA POLICIAIS DO DF - Faculdade Guerra","og_description":"Nota m\u00e1xima j\u00e1 est\u00e1 dispon\u00edvel no e-MEC e refor\u00e7a a excel\u00eancia de um curso que foi pioneiro na forma\u00e7\u00e3o jur\u00eddica voltada aos profissionais da seguran\u00e7a p\u00fablica O curso de Direito da Faculdade Guerra acaba de alcan\u00e7ar um dos mais importantes reconhecimentos de sua trajet\u00f3ria acad\u00eamica:&nbsp;conceito 5, a nota m\u00e1xima, na avalia\u00e7\u00e3o do Minist\u00e9rio da Educa\u00e7\u00e3o [&hellip;]","og_url":"https:\/\/faculdadeguerra.edu.br\/novosite\/direito-da-faculdade-guerra-conquista-conceito-5-no-mec-e-se-consolida-como-referencia-para-policiais-do-df\/","og_site_name":"Faculdade Guerra","article_published_time":"2026-09-02T11:17:14+00:00","article_modified_time":"2026-09-02T11:22:26+00:00","og_image":[{"width":1569,"height":1003,"url":"https:\/\/faculdadeguerra.edu.br\/novosite\/wp-content\/uploads\/2026\/09\/ChatGPT-Image-2-de-set.-de-2026-08_12_17.png","type":"image\/png"}],"author":"Conrado Conrado Vitali","twitter_card":"summary_large_image","twitter_misc":{"Escrito por":"Conrado Conrado Vitali","Est. tempo de leitura":"8 minutos"},"schema":{"@context":"https:\/\/schema.org","@graph":[{"@type":"Article","@id":"https:\/\/faculdadeguerra.edu.br\/novosite\/direito-da-faculdade-guerra-conquista-conceito-5-no-mec-e-se-consolida-como-referencia-para-policiais-do-df\/#article","isPartOf":{"@id":"https:\/\/faculdadeguerra.edu.br\/novosite\/direito-da-faculdade-guerra-conquista-conceito-5-no-mec-e-se-consolida-como-referencia-para-policiais-do-df\/"},"author":{"name":"Conrado Conrado Vitali","@id":"https:\/\/faculdadeguerra.edu.br\/novosite\/#\/schema\/person\/f91628e3b406ec9f0b0e99b1352d7ecc"},"headline":"DIREITO DA FACULDADE GUERRA CONQUISTA CONCEITO 5 NO MEC E SE CONSOLIDA COMO REFER\u00caNCIA PARA POLICIAIS DO DF","datePublished":"2026-09-02T11:17:14+00:00","dateModified":"2026-09-02T11:22:26+00:00","mainEntityOfPage":{"@id":"https:\/\/faculdadeguerra.edu.br\/novosite\/direito-da-faculdade-guerra-conquista-conceito-5-no-mec-e-se-consolida-como-referencia-para-policiais-do-df\/"},"wordCount":1409,"publisher":{"@id":"https:\/\/faculdadeguerra.edu.br\/novosite\/#organization"},"image":{"@id":"https:\/\/faculdadeguerra.edu.br\/novosite\/direito-da-faculdade-guerra-conquista-conceito-5-no-mec-e-se-consolida-como-referencia-para-policiais-do-df\/#primaryimage"},"thumbnailUrl":"https:\/\/i0.wp.com\/faculdadeguerra.edu.br\/novosite\/wp-content\/uploads\/2026\/09\/ChatGPT-Image-2-de-set.-de-2026-08_12_17.png?fit=1569%2C1003&ssl=1","keywords":["Destaque 02\/09\/2026"],"articleSection":["Avalia\u00e7\u00f5es do MEC"],"inLanguage":"pt-BR"},{"@type":"WebPage","@id":"https:\/\/faculdadeguerra.edu.br\/novosite\/direito-da-faculdade-guerra-conquista-conceito-5-no-mec-e-se-consolida-como-referencia-para-policiais-do-df\/","url":"https:\/\/faculdadeguerra.edu.br\/novosite\/direito-da-faculdade-guerra-conquista-conceito-5-no-mec-e-se-consolida-como-referencia-para-policiais-do-df\/","name":"DIREITO DA FACULDADE GUERRA CONQUISTA CONCEITO 5 NO MEC E SE CONSOLIDA COMO REFER\u00caNCIA PARA POLICIAIS DO DF - Faculdade Guerra","isPartOf":{"@id":"https:\/\/faculdadeguerra.edu.br\/novosite\/#website"},"primaryImageOfPage":{"@id":"https:\/\/faculdadeguerra.edu.br\/novosite\/direito-da-faculdade-guerra-conquista-conceito-5-no-mec-e-se-consolida-como-referencia-para-policiais-do-df\/#primaryimage"},"image":{"@id":"https:\/\/faculdadeguerra.edu.br\/novosite\/direito-da-faculdade-guerra-conquista-conceito-5-no-mec-e-se-consolida-como-referencia-para-policiais-do-df\/#primaryimage"},"thumbnailUrl":"https:\/\/i0.wp.com\/faculdadeguerra.edu.br\/novosite\/wp-content\/uploads\/2026\/09\/ChatGPT-Image-2-de-set.-de-2026-08_12_17.png?fit=1569%2C1003&ssl=1","datePublished":"2026-09-02T11:17:14+00:00","dateModified":"2026-09-02T11:22:26+00:00","breadcrumb":{"@id":"https:\/\/faculdadeguerra.edu.br\/novosite\/direito-da-faculdade-guerra-conquista-conceito-5-no-mec-e-se-consolida-como-referencia-para-policiais-do-df\/#breadcrumb"},"inLanguage":"pt-BR","potentialAction":[{"@type":"ReadAction","target":["https:\/\/faculdadeguerra.edu.br\/novosite\/direito-da-faculdade-guerra-conquista-conceito-5-no-mec-e-se-consolida-como-referencia-para-policiais-do-df\/"]}]},{"@type":"ImageObject","inLanguage":"pt-BR","@id":"https:\/\/faculdadeguerra.edu.br\/novosite\/direito-da-faculdade-guerra-conquista-conceito-5-no-mec-e-se-consolida-como-referencia-para-policiais-do-df\/#primaryimage","url":"https:\/\/i0.wp.com\/faculdadeguerra.edu.br\/novosite\/wp-content\/uploads\/2026\/09\/ChatGPT-Image-2-de-set.-de-2026-08_12_17.png?fit=1569%2C1003&ssl=1","contentUrl":"https:\/\/i0.wp.com\/faculdadeguerra.edu.br\/novosite\/wp-content\/uploads\/2026\/09\/ChatGPT-Image-2-de-set.-de-2026-08_12_17.png?fit=1569%2C1003&ssl=1","width":1569,"height":1003},{"@type":"BreadcrumbList","@id":"https:\/\/faculdadeguerra.edu.br\/novosite\/direito-da-faculdade-guerra-conquista-conceito-5-no-mec-e-se-consolida-como-referencia-para-policiais-do-df\/#breadcrumb","itemListElement":[{"@type":"ListItem","position":1,"name":"In\u00edcio","item":"https:\/\/faculdadeguerra.edu.br\/novosite\/"},{"@type":"ListItem","position":2,"name":"DIREITO DA FACULDADE GUERRA CONQUISTA CONCEITO 5 NO MEC E SE CONSOLIDA COMO REFER\u00caNCIA PARA POLICIAIS DO DF"}]},{"@type":"WebSite","@id":"https:\/\/faculdadeguerra.edu.br\/novosite\/#website","url":"https:\/\/faculdadeguerra.edu.br\/novosite\/","name":"Faculdade Guerra","description":"Faculdade Guerra: Excel\u00eancia acad\u00eamica em Direito e Seguran\u00e7a P\u00fablica. Gradua\u00e7\u00e3o, P\u00f3s-Gradua\u00e7\u00e3o e cursos t\u00e9cnicos com infraestrutura moderna e corpo docente renomado. Transforme sua carreira!","publisher":{"@id":"https:\/\/faculdadeguerra.edu.br\/novosite\/#organization"},"potentialAction":[{"@type":"SearchAction","target":{"@type":"EntryPoint","urlTemplate":"https:\/\/faculdadeguerra.edu.br\/novosite\/?s={search_term_string}"},"query-input":{"@type":"PropertyValueSpecification","valueRequired":true,"valueName":"search_term_string"}}],"inLanguage":"pt-BR"},{"@type":"Organization","@id":"https:\/\/faculdadeguerra.edu.br\/novosite\/#organization","name":"Faculdade Guerra","url":"https:\/\/faculdadeguerra.edu.br\/novosite\/","logo":{"@type":"ImageObject","inLanguage":"pt-BR","@id":"https:\/\/faculdadeguerra.edu.br\/novosite\/#\/schema\/logo\/image\/","url":"https:\/\/i0.wp.com\/faculdadeguerra.edu.br\/novosite\/wp-content\/uploads\/2025\/03\/logo.png?fit=2091%2C578&ssl=1","contentUrl":"https:\/\/i0.wp.com\/faculdadeguerra.edu.br\/novosite\/wp-content\/uploads\/2025\/03\/logo.png?fit=2091%2C578&ssl=1","width":2091,"height":578,"caption":"Faculdade Guerra"},"image":{"@id":"https:\/\/faculdadeguerra.edu.br\/novosite\/#\/schema\/logo\/image\/"}},{"@type":"Person","@id":"https:\/\/faculdadeguerra.edu.br\/novosite\/#\/schema\/person\/f91628e3b406ec9f0b0e99b1352d7ecc","name":"Conrado Conrado Vitali","image":{"@type":"ImageObject","inLanguage":"pt-BR","@id":"https:\/\/secure.gravatar.com\/avatar\/aeec7634f044d3fa787d458257d52bc6e8a9f3a10639a944291e8f741f45e417?s=96&d=mm&r=g","url":"https:\/\/secure.gravatar.com\/avatar\/aeec7634f044d3fa787d458257d52bc6e8a9f3a10639a944291e8f741f45e417?s=96&d=mm&r=g","contentUrl":"https:\/\/secure.gravatar.com\/avatar\/aeec7634f044d3fa787d458257d52bc6e8a9f3a10639a944291e8f741f45e417?s=96&d=mm&r=g","caption":"Conrado Conrado Vitali"},"url":"https:\/\/faculdadeguerra.edu.br\/novosite\/author\/conrado-vitali\/"}]}},"jetpack_sharing_enabled":true,"jetpack_featured_media_url":"https:\/\/i0.wp.com\/faculdadeguerra.edu.br\/novosite\/wp-content\/uploads\/2026\/09\/ChatGPT-Image-2-de-set.-de-2026-08_12_17.png?fit=1569%2C1003&ssl=1","_links":{"self":[{"href":"https:\/\/faculdadeguerra.edu.br\/novosite\/wp-json\/wp\/v2\/posts\/5295","targetHints":{"allow":["GET"]}}],"collection":[{"href":"https:\/\/faculdadeguerra.edu.br\/novosite\/wp-json\/wp\/v2\/posts"}],"about":[{"href":"https:\/\/faculdadeguerra.edu.br\/novosite\/wp-json\/wp\/v2\/types\/post"}],"author":[{"embeddable":true,"href":"https:\/\/faculdadeguerra.edu.br\/novosite\/wp-json\/wp\/v2\/users\/2"}],"replies":[{"embeddable":true,"href":"https:\/\/faculdadeguerra.edu.br\/novosite\/wp-json\/wp\/v2\/comments?post=5295"}],"version-history":[{"count":2,"href":"https:\/\/faculdadeguerra.edu.br\/novosite\/wp-json\/wp\/v2\/posts\/5295\/revisions"}],"predecessor-version":[{"id":5300,"href":"https:\/\/faculdadeguerra.edu.br\/novosite\/wp-json\/wp\/v2\/posts\/5295\/revisions\/5300"}],"wp:featuredmedia":[{"embeddable":true,"href":"https:\/\/faculdadeguerra.edu.br\/novosite\/wp-json\/wp\/v2\/media\/5297"}],"wp:attachment":[{"href":"https:\/\/faculdadeguerra.edu.br\/novosite\/wp-json\/wp\/v2\/media?parent=5295"}],"wp:term":[{"taxonomy":"category","embeddable":true,"href":"https:\/\/faculdadeguerra.edu.br\/novosite\/wp-json\/wp\/v2\/categories?post=5295"},{"taxonomy":"post_tag","embeddable":true,"href":"https:\/\/faculdadeguerra.edu.br\/novosite\/wp-json\/wp\/v2\/tags?post=5295"}],"curies":[{"name":"wp","href":"https:\/\/api.w.org\/{rel}","templated":true}]}}