{"id":5292,"date":"2026-09-01T11:43:12","date_gmt":"2026-09-01T14:43:12","guid":{"rendered":"https:\/\/faculdadeguerra.edu.br\/novosite\/?p=5292"},"modified":"2026-09-01T11:44:26","modified_gmt":"2026-09-01T14:44:26","slug":"reflexoes-guerra-psicologia-na-era-da-inteligencia-artificial-por-que-o-olhar-humano-sera-ainda-mais-importante","status":"publish","type":"post","link":"https:\/\/faculdadeguerra.edu.br\/novosite\/reflexoes-guerra-psicologia-na-era-da-inteligencia-artificial-por-que-o-olhar-humano-sera-ainda-mais-importante\/","title":{"rendered":"REFLEX\u00d5ES GUERRA: PSICOLOGIA NA ERA DA INTELIG\u00caNCIA ARTIFICIAL &#8211; POR QUE O OLHAR HUMANO SER\u00c1 AINDA MAIS IMPORTANTE"},"content":{"rendered":"\n<p class=\"wp-block-paragraph\"><strong><em>Com o avan\u00e7o dos chatbots, das redes sociais e das tecnologias capazes de simular conversas humanas, a Psicologia entra em uma nova fronteira: compreender como a tecnologia est\u00e1 transformando o comportamento, as rela\u00e7\u00f5es e a pr\u00f3pria maneira como as pessoas lidam com suas emo\u00e7\u00f5es<\/em><\/strong><em><\/em><\/p>\n\n\n\n<p class=\"wp-block-paragraph\">A intelig\u00eancia artificial j\u00e1 deixou de ser uma tecnologia restrita aos laborat\u00f3rios e \u00e0s grandes empresas. Ela est\u00e1 presente no cotidiano, nos estudos, no trabalho, nas redes sociais e, cada vez mais, na maneira como as pessoas procuram informa\u00e7\u00f5es sobre suas pr\u00f3prias emo\u00e7\u00f5es e dificuldades.<\/p>\n\n\n\n<p class=\"wp-block-paragraph\">Uma das fronteiras mais sens\u00edveis dessa transforma\u00e7\u00e3o est\u00e1 justamente na sa\u00fade mental.<\/p>\n\n\n\n<p class=\"wp-block-paragraph\">Hoje, uma pessoa pode conversar durante horas com um chatbot, pedir conselhos sobre relacionamentos, relatar sintomas de ansiedade, descrever conflitos familiares ou procurar respostas para situa\u00e7\u00f5es emocionalmente dif\u00edceis. A tecnologia oferece respostas imediatas, dispon\u00edveis a qualquer hora.<\/p>\n\n\n\n<p class=\"wp-block-paragraph\">Mas uma pergunta come\u00e7a a ganhar import\u00e2ncia entre pesquisadores e profissionais:&nbsp;<strong>at\u00e9 onde uma m\u00e1quina pode compreender verdadeiramente o ser humano?<\/strong><\/p>\n\n\n\n<p class=\"wp-block-paragraph\">\u00c9 nesse ponto que a Psicologia ganha uma nova dimens\u00e3o.<\/p>\n\n\n\n<p class=\"wp-block-paragraph\"><strong>A intelig\u00eancia artificial n\u00e3o elimina a Psicologia. Ela torna o conhecimento psicol\u00f3gico ainda mais necess\u00e1rio<\/strong><\/p>\n\n\n\n<p class=\"wp-block-paragraph\">O Conselho Federal de Psicologia (CFP) vem acompanhando de perto os impactos da intelig\u00eancia artificial sobre a profiss\u00e3o. Em 2025, o \u00f3rg\u00e3o publicou posicionamento espec\u00edfico sobre o uso de IA no contexto da pr\u00e1tica psicol\u00f3gica e destacou a necessidade de que sua utiliza\u00e7\u00e3o seja acompanhada de an\u00e1lise cr\u00edtica, responsabilidade \u00e9tica e supervis\u00e3o profissional.<\/p>\n\n\n\n<p class=\"wp-block-paragraph\">O CFP tamb\u00e9m publicou um guia dedicado aos chamados chatbots e \u00e0 sa\u00fade mental, justamente diante do crescimento dessas ferramentas utilizadas por pessoas em busca de orienta\u00e7\u00e3o emocional. O documento chama aten\u00e7\u00e3o para a necessidade de seguran\u00e7a e autonomia nas escolhas relacionadas \u00e0 sa\u00fade mental.<\/p>\n\n\n\n<p class=\"wp-block-paragraph\">A discuss\u00e3o revela uma transforma\u00e7\u00e3o importante:&nbsp;<strong>o psic\u00f3logo do futuro n\u00e3o ser\u00e1 aquele que simplesmente ignora a tecnologia, mas aquele que compreender\u00e1 seus efeitos sobre o comportamento humano e saber\u00e1 utiliz\u00e1-la com responsabilidade.<\/strong><\/p>\n\n\n\n<p class=\"wp-block-paragraph\">Isso significa que a forma\u00e7\u00e3o em Psicologia precisa acompanhar as transforma\u00e7\u00f5es da sociedade.<\/p>\n\n\n\n<p class=\"wp-block-paragraph\"><strong>O novo desafio: compreender o ser humano em um mundo hiperconectado<\/strong><\/p>\n\n\n\n<p class=\"wp-block-paragraph\">A tecnologia mudou a maneira como as pessoas se relacionam.<\/p>\n\n\n\n<p class=\"wp-block-paragraph\">Mudou tamb\u00e9m a forma como constroem sua identidade, lidam com a autoestima, enfrentam a solid\u00e3o, estabelecem v\u00ednculos afetivos e recebem informa\u00e7\u00f5es.<\/p>\n\n\n\n<p class=\"wp-block-paragraph\">Crian\u00e7as e adolescentes est\u00e3o entre os grupos que mais despertam preocupa\u00e7\u00e3o. O governo federal publicou recentemente um guia espec\u00edfico sobre o uso de dispositivos digitais por esse p\u00fablico, reunindo informa\u00e7\u00f5es sobre os impactos do excesso de telas e das redes sociais. Entre os problemas associados ao uso problem\u00e1tico est\u00e3o sintomas de ansiedade e depress\u00e3o, dificuldades de sono, problemas de autorregula\u00e7\u00e3o emocional e quest\u00f5es relacionadas \u00e0 autoimagem.<\/p>\n\n\n\n<p class=\"wp-block-paragraph\">A quest\u00e3o, portanto, n\u00e3o \u00e9 simplesmente saber quanto tempo uma pessoa permanece diante de uma tela.<\/p>\n\n\n\n<p class=\"wp-block-paragraph\">\u00c9 compreender&nbsp;<strong>o que acontece com sua mente enquanto ela est\u00e1 conectada<\/strong>.<\/p>\n\n\n\n<p class=\"wp-block-paragraph\">Por que determinadas pessoas desenvolvem depend\u00eancia de redes sociais? Como os mecanismos de recompensa das plataformas interferem no comportamento? De que maneira a compara\u00e7\u00e3o permanente com outras pessoas afeta a autoestima? O que acontece com a constru\u00e7\u00e3o da identidade em um ambiente dominado por imagens cuidadosamente produzidas e, cada vez mais, por conte\u00fados gerados artificialmente?<\/p>\n\n\n\n<p class=\"wp-block-paragraph\">Essas s\u00e3o perguntas essencialmente psicol\u00f3gicas.<\/p>\n\n\n\n<p class=\"wp-block-paragraph\"><strong>A Psicologia diante de uma sociedade em transforma\u00e7\u00e3o<\/strong><\/p>\n\n\n\n<p class=\"wp-block-paragraph\">O profissional que chegar\u00e1 ao mercado de trabalho nos pr\u00f3ximos anos encontrar\u00e1 uma sociedade muito diferente daquela que existia quando os atuais modelos de forma\u00e7\u00e3o profissional foram concebidos.<\/p>\n\n\n\n<p class=\"wp-block-paragraph\">A intelig\u00eancia artificial estar\u00e1 presente em empresas, escolas, hospitais, \u00f3rg\u00e3os p\u00fablicos, cl\u00ednicas, escrit\u00f3rios e praticamente todos os ambientes de trabalho.<\/p>\n\n\n\n<p class=\"wp-block-paragraph\">Ao mesmo tempo, problemas relacionados \u00e0 sa\u00fade mental continuar\u00e3o exigindo profissionais preparados para compreender pessoas, rela\u00e7\u00f5es e contextos sociais.<\/p>\n\n\n\n<p class=\"wp-block-paragraph\">O Minist\u00e9rio da Sa\u00fade, por exemplo, reconhece a Psicologia como uma das \u00e1reas profissionais da sa\u00fade e inclui psic\u00f3logos entre as profiss\u00f5es habilitadas a participar de programas de resid\u00eancia multiprofissional e uniprofissional em sa\u00fade.<\/p>\n\n\n\n<p class=\"wp-block-paragraph\">Isso amplia a vis\u00e3o sobre a carreira.<\/p>\n\n\n\n<p class=\"wp-block-paragraph\">Psicologia n\u00e3o significa apenas consult\u00f3rio.<\/p>\n\n\n\n<p class=\"wp-block-paragraph\">O psic\u00f3logo pode atuar na sa\u00fade p\u00fablica, hospitais, escolas, organiza\u00e7\u00f5es, empresas, institui\u00e7\u00f5es sociais, sistema de Justi\u00e7a, pol\u00edticas p\u00fablicas, esporte, pesquisa e em diferentes campos relacionados ao comportamento humano.<\/p>\n\n\n\n<p class=\"wp-block-paragraph\">E novos campos surgem \u00e0 medida que a sociedade muda.<\/p>\n\n\n\n<p class=\"wp-block-paragraph\"><strong>O mercado est\u00e1 mudando \u2014 e a forma\u00e7\u00e3o tamb\u00e9m precisa mudar<\/strong><\/p>\n\n\n\n<p class=\"wp-block-paragraph\">A pr\u00f3pria forma\u00e7\u00e3o acad\u00eamica em Psicologia vem sendo tratada como uma \u00e1rea estrat\u00e9gica da forma\u00e7\u00e3o em sa\u00fade.<\/p>\n\n\n\n<p class=\"wp-block-paragraph\">As Diretrizes Curriculares Nacionais estabelecem uma forma\u00e7\u00e3o ampla para o curso, com carga hor\u00e1ria referencial de 4.000 horas e pelo menos 20% da carga efetiva global destinada aos est\u00e1gios.<\/p>\n\n\n\n<p class=\"wp-block-paragraph\">Mais do que cumprir uma carga hor\u00e1ria, entretanto, o desafio de uma gradua\u00e7\u00e3o contempor\u00e2nea \u00e9 formar profissionais capazes de pensar.<\/p>\n\n\n\n<p class=\"wp-block-paragraph\">Pensar criticamente.<\/p>\n\n\n\n<p class=\"wp-block-paragraph\">Interpretar comportamentos.<\/p>\n\n\n\n<p class=\"wp-block-paragraph\">Compreender diferentes contextos sociais.<\/p>\n\n\n\n<p class=\"wp-block-paragraph\">Utilizar conhecimento cient\u00edfico.<\/p>\n\n\n\n<p class=\"wp-block-paragraph\">Reconhecer limites \u00e9ticos.<\/p>\n\n\n\n<p class=\"wp-block-paragraph\">E, sobretudo, compreender que nenhuma tecnologia substitui a complexidade da experi\u00eancia humana.<\/p>\n\n\n\n<p class=\"wp-block-paragraph\">\u00c9 justamente por isso que a forma\u00e7\u00e3o em Psicologia ganha relev\u00e2ncia em uma sociedade cada vez mais tecnol\u00f3gica.<\/p>\n\n\n\n<p class=\"wp-block-paragraph\"><strong>Por que estudar Psicologia agora?<\/strong><\/p>\n\n\n\n<p class=\"wp-block-paragraph\">A pergunta talvez possa ser invertida:<\/p>\n\n\n\n<p class=\"wp-block-paragraph\"><strong>por que n\u00e3o estudar Psicologia justamente agora?<\/strong><\/p>\n\n\n\n<p class=\"wp-block-paragraph\">Nunca houve tanta informa\u00e7\u00e3o dispon\u00edvel sobre comportamento humano. Ao mesmo tempo, nunca foi t\u00e3o necess\u00e1rio distinguir informa\u00e7\u00e3o de conhecimento cient\u00edfico.<\/p>\n\n\n\n<p class=\"wp-block-paragraph\">Nunca foi t\u00e3o f\u00e1cil conversar com uma m\u00e1quina. E, justamente por isso, torna-se ainda mais importante compreender o valor de uma rela\u00e7\u00e3o humana qualificada.<\/p>\n\n\n\n<p class=\"wp-block-paragraph\">Nunca houve tantos recursos tecnol\u00f3gicos capazes de analisar dados, identificar padr\u00f5es e produzir respostas. Mas compreender uma pessoa exige muito mais do que reconhecer padr\u00f5es.<\/p>\n\n\n\n<p class=\"wp-block-paragraph\">Exige escuta.<\/p>\n\n\n\n<p class=\"wp-block-paragraph\">Exige conhecimento.<\/p>\n\n\n\n<p class=\"wp-block-paragraph\">Exige \u00e9tica.<\/p>\n\n\n\n<p class=\"wp-block-paragraph\">Exige capacidade de interpreta\u00e7\u00e3o.<\/p>\n\n\n\n<p class=\"wp-block-paragraph\">Exige sensibilidade para perceber aquilo que nem sempre est\u00e1 expl\u00edcito em uma fala.<\/p>\n\n\n\n<p class=\"wp-block-paragraph\">Essa \u00e9 uma das grandes fronteiras da Psicologia no s\u00e9culo XXI.<\/p>\n\n\n\n<p class=\"wp-block-paragraph\"><strong>Faculdade Guerra prepara nova gera\u00e7\u00e3o de profissionais<\/strong><\/p>\n\n\n\n<p class=\"wp-block-paragraph\">\u00c9 dentro desse cen\u00e1rio que a Faculdade Guerra amplia sua atua\u00e7\u00e3o no ensino superior e passa a oferecer o curso de Psicologia.<\/p>\n\n\n\n<p class=\"wp-block-paragraph\">A institui\u00e7\u00e3o foi autorizada pelo Minist\u00e9rio da Educa\u00e7\u00e3o a ofertar a gradua\u00e7\u00e3o e prepara a forma\u00e7\u00e3o de sua primeira turma, com in\u00edcio previsto para&nbsp;<strong>janeiro de 2027<\/strong>.<\/p>\n\n\n\n<p class=\"wp-block-paragraph\">A chegada da Psicologia ao portf\u00f3lio da Faculdade Guerra representa mais do que a cria\u00e7\u00e3o de um novo curso.<\/p>\n\n\n\n<p class=\"wp-block-paragraph\">Representa a entrada da institui\u00e7\u00e3o em uma \u00e1rea diretamente relacionada a alguns dos principais desafios da sociedade contempor\u00e2nea: sa\u00fade mental, comportamento, rela\u00e7\u00f5es humanas, desenvolvimento pessoal, educa\u00e7\u00e3o, trabalho e transforma\u00e7\u00e3o tecnol\u00f3gica.<\/p>\n\n\n\n<p class=\"wp-block-paragraph\">E existe uma raz\u00e3o especial para escolher Psicologia neste momento.<\/p>\n\n\n\n<p class=\"wp-block-paragraph\"><strong>O mundo est\u00e1 mudando rapidamente. E compreender o ser humano tornou-se uma das compet\u00eancias mais importantes do nosso tempo.<\/strong><\/p>\n\n\n\n<p class=\"wp-block-paragraph\">A tecnologia pode produzir respostas em segundos.<\/p>\n\n\n\n<p class=\"wp-block-paragraph\">Mas a Psicologia continua fazendo uma pergunta que nenhuma m\u00e1quina consegue responder sozinha:<\/p>\n\n\n\n<p class=\"wp-block-paragraph\"><strong>quem \u00e9 o ser humano por tr\u00e1s da pergunta?<\/strong><\/p>\n\n\n\n<p class=\"wp-block-paragraph\">\u00c9 para compreender esse ser humano \u2014 em sua complexidade, suas emo\u00e7\u00f5es, seus conflitos, suas potencialidades e suas rela\u00e7\u00f5es \u2014 que a Psicologia continuar\u00e1 sendo indispens\u00e1vel.<\/p>\n\n\n\n<p class=\"wp-block-paragraph\"><strong>Faculdade Guerra. Psicologia para compreender o presente e transformar o futuro.<\/strong><\/p>\n\n\n\n<p class=\"wp-block-paragraph\"><strong>Prepare-se para uma profiss\u00e3o que estar\u00e1 cada vez mais presente nos grandes desafios do s\u00e9culo XXI.<\/strong><\/p>\n\n\n\n<p class=\"wp-block-paragraph\"><\/p>\n","protected":false},"excerpt":{"rendered":"<p>Com o avan\u00e7o dos chatbots, das redes sociais e das tecnologias capazes de simular conversas humanas, a Psicologia entra em uma nova fronteira: compreender como a tecnologia est\u00e1 transformando o comportamento, as rela\u00e7\u00f5es e a pr\u00f3pria maneira como as pessoas lidam com suas emo\u00e7\u00f5es A intelig\u00eancia artificial j\u00e1 deixou de ser uma tecnologia restrita aos [&hellip;]<\/p>\n","protected":false},"author":2,"featured_media":5293,"comment_status":"closed","ping_status":"open","sticky":false,"template":"","format":"standard","meta":{"_jetpack_newsletter_access":"","_jetpack_dont_email_post_to_subs":false,"_jetpack_newsletter_tier_id":0,"_jetpack_memberships_contains_paywalled_content":false,"_jetpack_feature_clip_id":0,"_jetpack_memberships_contains_paid_content":false,"_joinchat":[],"footnotes":"","jetpack_post_was_ever_published":false},"categories":[101],"tags":[329],"class_list":["post-5292","post","type-post","status-publish","format-standard","has-post-thumbnail","hentry","category-reflexoes-academicas","tag-destaque-01-09-2027"],"yoast_head":"<!-- This site is optimized with the Yoast SEO plugin v28.4 - https:\/\/yoast.com\/product\/yoast-seo-wordpress\/ -->\n<title>REFLEX\u00d5ES GUERRA: PSICOLOGIA NA ERA DA INTELIG\u00caNCIA ARTIFICIAL - POR QUE O OLHAR HUMANO SER\u00c1 AINDA MAIS IMPORTANTE - Faculdade Guerra<\/title>\n<meta name=\"robots\" content=\"index, follow, max-snippet:-1, max-image-preview:large, max-video-preview:-1\" \/>\n<link rel=\"canonical\" href=\"https:\/\/faculdadeguerra.edu.br\/novosite\/reflexoes-guerra-psicologia-na-era-da-inteligencia-artificial-por-que-o-olhar-humano-sera-ainda-mais-importante\/\" \/>\n<meta property=\"og:locale\" content=\"pt_BR\" \/>\n<meta property=\"og:type\" content=\"article\" \/>\n<meta property=\"og:title\" content=\"REFLEX\u00d5ES GUERRA: PSICOLOGIA NA ERA DA INTELIG\u00caNCIA ARTIFICIAL - POR QUE O OLHAR HUMANO SER\u00c1 AINDA MAIS IMPORTANTE - Faculdade Guerra\" \/>\n<meta property=\"og:description\" content=\"Com o avan\u00e7o dos chatbots, das redes sociais e das tecnologias capazes de simular conversas humanas, a Psicologia entra em uma nova fronteira: compreender como a tecnologia est\u00e1 transformando o comportamento, as rela\u00e7\u00f5es e a pr\u00f3pria maneira como as pessoas lidam com suas emo\u00e7\u00f5es A intelig\u00eancia artificial j\u00e1 deixou de ser uma tecnologia restrita aos [&hellip;]\" \/>\n<meta property=\"og:url\" content=\"https:\/\/faculdadeguerra.edu.br\/novosite\/reflexoes-guerra-psicologia-na-era-da-inteligencia-artificial-por-que-o-olhar-humano-sera-ainda-mais-importante\/\" \/>\n<meta property=\"og:site_name\" content=\"Faculdade Guerra\" \/>\n<meta property=\"article:published_time\" content=\"2026-09-01T14:43:12+00:00\" \/>\n<meta property=\"article:modified_time\" content=\"2026-09-01T14:44:26+00:00\" \/>\n<meta property=\"og:image\" content=\"https:\/\/faculdadeguerra.edu.br\/novosite\/wp-content\/uploads\/2026\/09\/ChatGPT-Image-1-de-set.-de-2026-11_36_50-1024x683.png\" \/>\n\t<meta property=\"og:image:width\" content=\"1024\" \/>\n\t<meta property=\"og:image:height\" content=\"683\" \/>\n\t<meta property=\"og:image:type\" content=\"image\/png\" \/>\n<meta name=\"author\" content=\"Conrado Conrado Vitali\" \/>\n<meta name=\"twitter:card\" content=\"summary_large_image\" \/>\n<meta name=\"twitter:label1\" content=\"Escrito por\" \/>\n\t<meta name=\"twitter:data1\" content=\"Conrado Conrado Vitali\" \/>\n\t<meta name=\"twitter:label2\" content=\"Est. tempo de leitura\" \/>\n\t<meta name=\"twitter:data2\" content=\"7 minutos\" \/>\n<script type=\"application\/ld+json\" class=\"yoast-schema-graph\">{\"@context\":\"https:\\\/\\\/schema.org\",\"@graph\":[{\"@type\":\"Article\",\"@id\":\"https:\\\/\\\/faculdadeguerra.edu.br\\\/novosite\\\/reflexoes-guerra-psicologia-na-era-da-inteligencia-artificial-por-que-o-olhar-humano-sera-ainda-mais-importante\\\/#article\",\"isPartOf\":{\"@id\":\"https:\\\/\\\/faculdadeguerra.edu.br\\\/novosite\\\/reflexoes-guerra-psicologia-na-era-da-inteligencia-artificial-por-que-o-olhar-humano-sera-ainda-mais-importante\\\/\"},\"author\":{\"name\":\"Conrado Conrado Vitali\",\"@id\":\"https:\\\/\\\/faculdadeguerra.edu.br\\\/novosite\\\/#\\\/schema\\\/person\\\/f91628e3b406ec9f0b0e99b1352d7ecc\"},\"headline\":\"REFLEX\u00d5ES GUERRA: PSICOLOGIA NA ERA DA INTELIG\u00caNCIA ARTIFICIAL &#8211; POR QUE O OLHAR HUMANO SER\u00c1 AINDA MAIS IMPORTANTE\",\"datePublished\":\"2026-09-01T14:43:12+00:00\",\"dateModified\":\"2026-09-01T14:44:26+00:00\",\"mainEntityOfPage\":{\"@id\":\"https:\\\/\\\/faculdadeguerra.edu.br\\\/novosite\\\/reflexoes-guerra-psicologia-na-era-da-inteligencia-artificial-por-que-o-olhar-humano-sera-ainda-mais-importante\\\/\"},\"wordCount\":1305,\"publisher\":{\"@id\":\"https:\\\/\\\/faculdadeguerra.edu.br\\\/novosite\\\/#organization\"},\"image\":{\"@id\":\"https:\\\/\\\/faculdadeguerra.edu.br\\\/novosite\\\/reflexoes-guerra-psicologia-na-era-da-inteligencia-artificial-por-que-o-olhar-humano-sera-ainda-mais-importante\\\/#primaryimage\"},\"thumbnailUrl\":\"https:\\\/\\\/i0.wp.com\\\/faculdadeguerra.edu.br\\\/novosite\\\/wp-content\\\/uploads\\\/2026\\\/09\\\/ChatGPT-Image-1-de-set.-de-2026-11_36_50.png?fit=1536%2C1024&ssl=1\",\"keywords\":[\"Destaque 01\\\/09\\\/2027\"],\"articleSection\":[\"Reflex\u00f5es Acad\u00eamicas\"],\"inLanguage\":\"pt-BR\"},{\"@type\":\"WebPage\",\"@id\":\"https:\\\/\\\/faculdadeguerra.edu.br\\\/novosite\\\/reflexoes-guerra-psicologia-na-era-da-inteligencia-artificial-por-que-o-olhar-humano-sera-ainda-mais-importante\\\/\",\"url\":\"https:\\\/\\\/faculdadeguerra.edu.br\\\/novosite\\\/reflexoes-guerra-psicologia-na-era-da-inteligencia-artificial-por-que-o-olhar-humano-sera-ainda-mais-importante\\\/\",\"name\":\"REFLEX\u00d5ES GUERRA: PSICOLOGIA NA ERA DA INTELIG\u00caNCIA ARTIFICIAL - POR QUE O OLHAR HUMANO SER\u00c1 AINDA MAIS IMPORTANTE - Faculdade Guerra\",\"isPartOf\":{\"@id\":\"https:\\\/\\\/faculdadeguerra.edu.br\\\/novosite\\\/#website\"},\"primaryImageOfPage\":{\"@id\":\"https:\\\/\\\/faculdadeguerra.edu.br\\\/novosite\\\/reflexoes-guerra-psicologia-na-era-da-inteligencia-artificial-por-que-o-olhar-humano-sera-ainda-mais-importante\\\/#primaryimage\"},\"image\":{\"@id\":\"https:\\\/\\\/faculdadeguerra.edu.br\\\/novosite\\\/reflexoes-guerra-psicologia-na-era-da-inteligencia-artificial-por-que-o-olhar-humano-sera-ainda-mais-importante\\\/#primaryimage\"},\"thumbnailUrl\":\"https:\\\/\\\/i0.wp.com\\\/faculdadeguerra.edu.br\\\/novosite\\\/wp-content\\\/uploads\\\/2026\\\/09\\\/ChatGPT-Image-1-de-set.-de-2026-11_36_50.png?fit=1536%2C1024&ssl=1\",\"datePublished\":\"2026-09-01T14:43:12+00:00\",\"dateModified\":\"2026-09-01T14:44:26+00:00\",\"breadcrumb\":{\"@id\":\"https:\\\/\\\/faculdadeguerra.edu.br\\\/novosite\\\/reflexoes-guerra-psicologia-na-era-da-inteligencia-artificial-por-que-o-olhar-humano-sera-ainda-mais-importante\\\/#breadcrumb\"},\"inLanguage\":\"pt-BR\",\"potentialAction\":[{\"@type\":\"ReadAction\",\"target\":[\"https:\\\/\\\/faculdadeguerra.edu.br\\\/novosite\\\/reflexoes-guerra-psicologia-na-era-da-inteligencia-artificial-por-que-o-olhar-humano-sera-ainda-mais-importante\\\/\"]}]},{\"@type\":\"ImageObject\",\"inLanguage\":\"pt-BR\",\"@id\":\"https:\\\/\\\/faculdadeguerra.edu.br\\\/novosite\\\/reflexoes-guerra-psicologia-na-era-da-inteligencia-artificial-por-que-o-olhar-humano-sera-ainda-mais-importante\\\/#primaryimage\",\"url\":\"https:\\\/\\\/i0.wp.com\\\/faculdadeguerra.edu.br\\\/novosite\\\/wp-content\\\/uploads\\\/2026\\\/09\\\/ChatGPT-Image-1-de-set.-de-2026-11_36_50.png?fit=1536%2C1024&ssl=1\",\"contentUrl\":\"https:\\\/\\\/i0.wp.com\\\/faculdadeguerra.edu.br\\\/novosite\\\/wp-content\\\/uploads\\\/2026\\\/09\\\/ChatGPT-Image-1-de-set.-de-2026-11_36_50.png?fit=1536%2C1024&ssl=1\",\"width\":1536,\"height\":1024},{\"@type\":\"BreadcrumbList\",\"@id\":\"https:\\\/\\\/faculdadeguerra.edu.br\\\/novosite\\\/reflexoes-guerra-psicologia-na-era-da-inteligencia-artificial-por-que-o-olhar-humano-sera-ainda-mais-importante\\\/#breadcrumb\",\"itemListElement\":[{\"@type\":\"ListItem\",\"position\":1,\"name\":\"In\u00edcio\",\"item\":\"https:\\\/\\\/faculdadeguerra.edu.br\\\/novosite\\\/\"},{\"@type\":\"ListItem\",\"position\":2,\"name\":\"REFLEX\u00d5ES GUERRA: PSICOLOGIA NA ERA DA INTELIG\u00caNCIA ARTIFICIAL &#8211; POR QUE O OLHAR HUMANO SER\u00c1 AINDA MAIS IMPORTANTE\"}]},{\"@type\":\"WebSite\",\"@id\":\"https:\\\/\\\/faculdadeguerra.edu.br\\\/novosite\\\/#website\",\"url\":\"https:\\\/\\\/faculdadeguerra.edu.br\\\/novosite\\\/\",\"name\":\"Faculdade Guerra\",\"description\":\"Faculdade Guerra: Excel\u00eancia acad\u00eamica em Direito e Seguran\u00e7a P\u00fablica. Gradua\u00e7\u00e3o, P\u00f3s-Gradua\u00e7\u00e3o e cursos t\u00e9cnicos com infraestrutura moderna e corpo docente renomado. Transforme sua carreira!\",\"publisher\":{\"@id\":\"https:\\\/\\\/faculdadeguerra.edu.br\\\/novosite\\\/#organization\"},\"potentialAction\":[{\"@type\":\"SearchAction\",\"target\":{\"@type\":\"EntryPoint\",\"urlTemplate\":\"https:\\\/\\\/faculdadeguerra.edu.br\\\/novosite\\\/?s={search_term_string}\"},\"query-input\":{\"@type\":\"PropertyValueSpecification\",\"valueRequired\":true,\"valueName\":\"search_term_string\"}}],\"inLanguage\":\"pt-BR\"},{\"@type\":\"Organization\",\"@id\":\"https:\\\/\\\/faculdadeguerra.edu.br\\\/novosite\\\/#organization\",\"name\":\"Faculdade Guerra\",\"url\":\"https:\\\/\\\/faculdadeguerra.edu.br\\\/novosite\\\/\",\"logo\":{\"@type\":\"ImageObject\",\"inLanguage\":\"pt-BR\",\"@id\":\"https:\\\/\\\/faculdadeguerra.edu.br\\\/novosite\\\/#\\\/schema\\\/logo\\\/image\\\/\",\"url\":\"https:\\\/\\\/i0.wp.com\\\/faculdadeguerra.edu.br\\\/novosite\\\/wp-content\\\/uploads\\\/2025\\\/03\\\/logo.png?fit=2091%2C578&ssl=1\",\"contentUrl\":\"https:\\\/\\\/i0.wp.com\\\/faculdadeguerra.edu.br\\\/novosite\\\/wp-content\\\/uploads\\\/2025\\\/03\\\/logo.png?fit=2091%2C578&ssl=1\",\"width\":2091,\"height\":578,\"caption\":\"Faculdade Guerra\"},\"image\":{\"@id\":\"https:\\\/\\\/faculdadeguerra.edu.br\\\/novosite\\\/#\\\/schema\\\/logo\\\/image\\\/\"}},{\"@type\":\"Person\",\"@id\":\"https:\\\/\\\/faculdadeguerra.edu.br\\\/novosite\\\/#\\\/schema\\\/person\\\/f91628e3b406ec9f0b0e99b1352d7ecc\",\"name\":\"Conrado Conrado Vitali\",\"image\":{\"@type\":\"ImageObject\",\"inLanguage\":\"pt-BR\",\"@id\":\"https:\\\/\\\/secure.gravatar.com\\\/avatar\\\/aeec7634f044d3fa787d458257d52bc6e8a9f3a10639a944291e8f741f45e417?s=96&d=mm&r=g\",\"url\":\"https:\\\/\\\/secure.gravatar.com\\\/avatar\\\/aeec7634f044d3fa787d458257d52bc6e8a9f3a10639a944291e8f741f45e417?s=96&d=mm&r=g\",\"contentUrl\":\"https:\\\/\\\/secure.gravatar.com\\\/avatar\\\/aeec7634f044d3fa787d458257d52bc6e8a9f3a10639a944291e8f741f45e417?s=96&d=mm&r=g\",\"caption\":\"Conrado Conrado Vitali\"},\"url\":\"https:\\\/\\\/faculdadeguerra.edu.br\\\/novosite\\\/author\\\/conrado-vitali\\\/\"}]}<\/script>\n<!-- \/ Yoast SEO plugin. -->","yoast_head_json":{"title":"REFLEX\u00d5ES GUERRA: PSICOLOGIA NA ERA DA INTELIG\u00caNCIA ARTIFICIAL - POR QUE O OLHAR HUMANO SER\u00c1 AINDA MAIS IMPORTANTE - Faculdade Guerra","robots":{"index":"index","follow":"follow","max-snippet":"max-snippet:-1","max-image-preview":"max-image-preview:large","max-video-preview":"max-video-preview:-1"},"canonical":"https:\/\/faculdadeguerra.edu.br\/novosite\/reflexoes-guerra-psicologia-na-era-da-inteligencia-artificial-por-que-o-olhar-humano-sera-ainda-mais-importante\/","og_locale":"pt_BR","og_type":"article","og_title":"REFLEX\u00d5ES GUERRA: PSICOLOGIA NA ERA DA INTELIG\u00caNCIA ARTIFICIAL - POR QUE O OLHAR HUMANO SER\u00c1 AINDA MAIS IMPORTANTE - Faculdade Guerra","og_description":"Com o avan\u00e7o dos chatbots, das redes sociais e das tecnologias capazes de simular conversas humanas, a Psicologia entra em uma nova fronteira: compreender como a tecnologia est\u00e1 transformando o comportamento, as rela\u00e7\u00f5es e a pr\u00f3pria maneira como as pessoas lidam com suas emo\u00e7\u00f5es A intelig\u00eancia artificial j\u00e1 deixou de ser uma tecnologia restrita aos [&hellip;]","og_url":"https:\/\/faculdadeguerra.edu.br\/novosite\/reflexoes-guerra-psicologia-na-era-da-inteligencia-artificial-por-que-o-olhar-humano-sera-ainda-mais-importante\/","og_site_name":"Faculdade Guerra","article_published_time":"2026-09-01T14:43:12+00:00","article_modified_time":"2026-09-01T14:44:26+00:00","og_image":[{"width":1024,"height":683,"url":"https:\/\/faculdadeguerra.edu.br\/novosite\/wp-content\/uploads\/2026\/09\/ChatGPT-Image-1-de-set.-de-2026-11_36_50-1024x683.png","type":"image\/png"}],"author":"Conrado Conrado Vitali","twitter_card":"summary_large_image","twitter_misc":{"Escrito por":"Conrado Conrado Vitali","Est. tempo de leitura":"7 minutos"},"schema":{"@context":"https:\/\/schema.org","@graph":[{"@type":"Article","@id":"https:\/\/faculdadeguerra.edu.br\/novosite\/reflexoes-guerra-psicologia-na-era-da-inteligencia-artificial-por-que-o-olhar-humano-sera-ainda-mais-importante\/#article","isPartOf":{"@id":"https:\/\/faculdadeguerra.edu.br\/novosite\/reflexoes-guerra-psicologia-na-era-da-inteligencia-artificial-por-que-o-olhar-humano-sera-ainda-mais-importante\/"},"author":{"name":"Conrado Conrado Vitali","@id":"https:\/\/faculdadeguerra.edu.br\/novosite\/#\/schema\/person\/f91628e3b406ec9f0b0e99b1352d7ecc"},"headline":"REFLEX\u00d5ES GUERRA: PSICOLOGIA NA ERA DA INTELIG\u00caNCIA ARTIFICIAL &#8211; POR QUE O OLHAR HUMANO SER\u00c1 AINDA MAIS IMPORTANTE","datePublished":"2026-09-01T14:43:12+00:00","dateModified":"2026-09-01T14:44:26+00:00","mainEntityOfPage":{"@id":"https:\/\/faculdadeguerra.edu.br\/novosite\/reflexoes-guerra-psicologia-na-era-da-inteligencia-artificial-por-que-o-olhar-humano-sera-ainda-mais-importante\/"},"wordCount":1305,"publisher":{"@id":"https:\/\/faculdadeguerra.edu.br\/novosite\/#organization"},"image":{"@id":"https:\/\/faculdadeguerra.edu.br\/novosite\/reflexoes-guerra-psicologia-na-era-da-inteligencia-artificial-por-que-o-olhar-humano-sera-ainda-mais-importante\/#primaryimage"},"thumbnailUrl":"https:\/\/i0.wp.com\/faculdadeguerra.edu.br\/novosite\/wp-content\/uploads\/2026\/09\/ChatGPT-Image-1-de-set.-de-2026-11_36_50.png?fit=1536%2C1024&ssl=1","keywords":["Destaque 01\/09\/2027"],"articleSection":["Reflex\u00f5es Acad\u00eamicas"],"inLanguage":"pt-BR"},{"@type":"WebPage","@id":"https:\/\/faculdadeguerra.edu.br\/novosite\/reflexoes-guerra-psicologia-na-era-da-inteligencia-artificial-por-que-o-olhar-humano-sera-ainda-mais-importante\/","url":"https:\/\/faculdadeguerra.edu.br\/novosite\/reflexoes-guerra-psicologia-na-era-da-inteligencia-artificial-por-que-o-olhar-humano-sera-ainda-mais-importante\/","name":"REFLEX\u00d5ES GUERRA: PSICOLOGIA NA ERA DA INTELIG\u00caNCIA ARTIFICIAL - POR QUE O OLHAR HUMANO SER\u00c1 AINDA MAIS IMPORTANTE - Faculdade Guerra","isPartOf":{"@id":"https:\/\/faculdadeguerra.edu.br\/novosite\/#website"},"primaryImageOfPage":{"@id":"https:\/\/faculdadeguerra.edu.br\/novosite\/reflexoes-guerra-psicologia-na-era-da-inteligencia-artificial-por-que-o-olhar-humano-sera-ainda-mais-importante\/#primaryimage"},"image":{"@id":"https:\/\/faculdadeguerra.edu.br\/novosite\/reflexoes-guerra-psicologia-na-era-da-inteligencia-artificial-por-que-o-olhar-humano-sera-ainda-mais-importante\/#primaryimage"},"thumbnailUrl":"https:\/\/i0.wp.com\/faculdadeguerra.edu.br\/novosite\/wp-content\/uploads\/2026\/09\/ChatGPT-Image-1-de-set.-de-2026-11_36_50.png?fit=1536%2C1024&ssl=1","datePublished":"2026-09-01T14:43:12+00:00","dateModified":"2026-09-01T14:44:26+00:00","breadcrumb":{"@id":"https:\/\/faculdadeguerra.edu.br\/novosite\/reflexoes-guerra-psicologia-na-era-da-inteligencia-artificial-por-que-o-olhar-humano-sera-ainda-mais-importante\/#breadcrumb"},"inLanguage":"pt-BR","potentialAction":[{"@type":"ReadAction","target":["https:\/\/faculdadeguerra.edu.br\/novosite\/reflexoes-guerra-psicologia-na-era-da-inteligencia-artificial-por-que-o-olhar-humano-sera-ainda-mais-importante\/"]}]},{"@type":"ImageObject","inLanguage":"pt-BR","@id":"https:\/\/faculdadeguerra.edu.br\/novosite\/reflexoes-guerra-psicologia-na-era-da-inteligencia-artificial-por-que-o-olhar-humano-sera-ainda-mais-importante\/#primaryimage","url":"https:\/\/i0.wp.com\/faculdadeguerra.edu.br\/novosite\/wp-content\/uploads\/2026\/09\/ChatGPT-Image-1-de-set.-de-2026-11_36_50.png?fit=1536%2C1024&ssl=1","contentUrl":"https:\/\/i0.wp.com\/faculdadeguerra.edu.br\/novosite\/wp-content\/uploads\/2026\/09\/ChatGPT-Image-1-de-set.-de-2026-11_36_50.png?fit=1536%2C1024&ssl=1","width":1536,"height":1024},{"@type":"BreadcrumbList","@id":"https:\/\/faculdadeguerra.edu.br\/novosite\/reflexoes-guerra-psicologia-na-era-da-inteligencia-artificial-por-que-o-olhar-humano-sera-ainda-mais-importante\/#breadcrumb","itemListElement":[{"@type":"ListItem","position":1,"name":"In\u00edcio","item":"https:\/\/faculdadeguerra.edu.br\/novosite\/"},{"@type":"ListItem","position":2,"name":"REFLEX\u00d5ES GUERRA: PSICOLOGIA NA ERA DA INTELIG\u00caNCIA ARTIFICIAL &#8211; POR QUE O OLHAR HUMANO SER\u00c1 AINDA MAIS IMPORTANTE"}]},{"@type":"WebSite","@id":"https:\/\/faculdadeguerra.edu.br\/novosite\/#website","url":"https:\/\/faculdadeguerra.edu.br\/novosite\/","name":"Faculdade Guerra","description":"Faculdade Guerra: Excel\u00eancia acad\u00eamica em Direito e Seguran\u00e7a P\u00fablica. Gradua\u00e7\u00e3o, P\u00f3s-Gradua\u00e7\u00e3o e cursos t\u00e9cnicos com infraestrutura moderna e corpo docente renomado. Transforme sua carreira!","publisher":{"@id":"https:\/\/faculdadeguerra.edu.br\/novosite\/#organization"},"potentialAction":[{"@type":"SearchAction","target":{"@type":"EntryPoint","urlTemplate":"https:\/\/faculdadeguerra.edu.br\/novosite\/?s={search_term_string}"},"query-input":{"@type":"PropertyValueSpecification","valueRequired":true,"valueName":"search_term_string"}}],"inLanguage":"pt-BR"},{"@type":"Organization","@id":"https:\/\/faculdadeguerra.edu.br\/novosite\/#organization","name":"Faculdade Guerra","url":"https:\/\/faculdadeguerra.edu.br\/novosite\/","logo":{"@type":"ImageObject","inLanguage":"pt-BR","@id":"https:\/\/faculdadeguerra.edu.br\/novosite\/#\/schema\/logo\/image\/","url":"https:\/\/i0.wp.com\/faculdadeguerra.edu.br\/novosite\/wp-content\/uploads\/2025\/03\/logo.png?fit=2091%2C578&ssl=1","contentUrl":"https:\/\/i0.wp.com\/faculdadeguerra.edu.br\/novosite\/wp-content\/uploads\/2025\/03\/logo.png?fit=2091%2C578&ssl=1","width":2091,"height":578,"caption":"Faculdade Guerra"},"image":{"@id":"https:\/\/faculdadeguerra.edu.br\/novosite\/#\/schema\/logo\/image\/"}},{"@type":"Person","@id":"https:\/\/faculdadeguerra.edu.br\/novosite\/#\/schema\/person\/f91628e3b406ec9f0b0e99b1352d7ecc","name":"Conrado Conrado Vitali","image":{"@type":"ImageObject","inLanguage":"pt-BR","@id":"https:\/\/secure.gravatar.com\/avatar\/aeec7634f044d3fa787d458257d52bc6e8a9f3a10639a944291e8f741f45e417?s=96&d=mm&r=g","url":"https:\/\/secure.gravatar.com\/avatar\/aeec7634f044d3fa787d458257d52bc6e8a9f3a10639a944291e8f741f45e417?s=96&d=mm&r=g","contentUrl":"https:\/\/secure.gravatar.com\/avatar\/aeec7634f044d3fa787d458257d52bc6e8a9f3a10639a944291e8f741f45e417?s=96&d=mm&r=g","caption":"Conrado Conrado Vitali"},"url":"https:\/\/faculdadeguerra.edu.br\/novosite\/author\/conrado-vitali\/"}]}},"jetpack_sharing_enabled":true,"jetpack_featured_media_url":"https:\/\/i0.wp.com\/faculdadeguerra.edu.br\/novosite\/wp-content\/uploads\/2026\/09\/ChatGPT-Image-1-de-set.-de-2026-11_36_50.png?fit=1536%2C1024&ssl=1","_links":{"self":[{"href":"https:\/\/faculdadeguerra.edu.br\/novosite\/wp-json\/wp\/v2\/posts\/5292","targetHints":{"allow":["GET"]}}],"collection":[{"href":"https:\/\/faculdadeguerra.edu.br\/novosite\/wp-json\/wp\/v2\/posts"}],"about":[{"href":"https:\/\/faculdadeguerra.edu.br\/novosite\/wp-json\/wp\/v2\/types\/post"}],"author":[{"embeddable":true,"href":"https:\/\/faculdadeguerra.edu.br\/novosite\/wp-json\/wp\/v2\/users\/2"}],"replies":[{"embeddable":true,"href":"https:\/\/faculdadeguerra.edu.br\/novosite\/wp-json\/wp\/v2\/comments?post=5292"}],"version-history":[{"count":1,"href":"https:\/\/faculdadeguerra.edu.br\/novosite\/wp-json\/wp\/v2\/posts\/5292\/revisions"}],"predecessor-version":[{"id":5294,"href":"https:\/\/faculdadeguerra.edu.br\/novosite\/wp-json\/wp\/v2\/posts\/5292\/revisions\/5294"}],"wp:featuredmedia":[{"embeddable":true,"href":"https:\/\/faculdadeguerra.edu.br\/novosite\/wp-json\/wp\/v2\/media\/5293"}],"wp:attachment":[{"href":"https:\/\/faculdadeguerra.edu.br\/novosite\/wp-json\/wp\/v2\/media?parent=5292"}],"wp:term":[{"taxonomy":"category","embeddable":true,"href":"https:\/\/faculdadeguerra.edu.br\/novosite\/wp-json\/wp\/v2\/categories?post=5292"},{"taxonomy":"post_tag","embeddable":true,"href":"https:\/\/faculdadeguerra.edu.br\/novosite\/wp-json\/wp\/v2\/tags?post=5292"}],"curies":[{"name":"wp","href":"https:\/\/api.w.org\/{rel}","templated":true}]}}