{"id":4560,"date":"2026-04-30T09:44:29","date_gmt":"2026-04-30T12:44:29","guid":{"rendered":"https:\/\/faculdadeguerra.edu.br\/novosite\/?p=4560"},"modified":"2026-04-30T09:44:31","modified_gmt":"2026-04-30T12:44:31","slug":"editorial-a-verdadeira-justica-nao-se-encerra-na-pena-mas-se-realiza-na-possibilidade-de-recomeco","status":"publish","type":"post","link":"https:\/\/faculdadeguerra.edu.br\/novosite\/editorial-a-verdadeira-justica-nao-se-encerra-na-pena-mas-se-realiza-na-possibilidade-de-recomeco\/","title":{"rendered":"EDITORIAL: A VERDADEIRA JUSTI\u00c7A N\u00c3O SE ENCERRA NA PENA, MAS SE REALIZA NA POSSIBILIDADE DE RECOME\u00c7O"},"content":{"rendered":"\n<p><\/p>\n\n\n\n<p>H\u00e1 uma tenta\u00e7\u00e3o recorrente nas sociedades contempor\u00e2neas: acreditar que a justi\u00e7a se esgota no ato de punir. Como se a senten\u00e7a fosse um ponto final \u2014 definitivo, absoluto, encerrado em si mesmo. Mas essa vis\u00e3o, embora sedutora em sua aparente simplicidade, revela-se limitada, quando n\u00e3o profundamente equivocada.<\/p>\n\n\n\n<p>Punir, por si s\u00f3, nunca foi suficiente.<\/p>\n\n\n\n<figure class=\"wp-block-embed is-type-video is-provider-youtube wp-block-embed-youtube wp-embed-aspect-4-3 wp-has-aspect-ratio\"><div class=\"wp-block-embed__wrapper\">\n<iframe title=\"Remi\u00e7\u00e3o de Pena: o resgate da dignidade pela educa\u00e7\u00e3o\" width=\"800\" height=\"600\" src=\"https:\/\/www.youtube.com\/embed\/-aSWz80ukKQ?feature=oembed\" frameborder=\"0\" allow=\"accelerometer; autoplay; clipboard-write; encrypted-media; gyroscope; picture-in-picture; web-share\" referrerpolicy=\"strict-origin-when-cross-origin\" allowfullscreen><\/iframe>\n<\/div><\/figure>\n\n\n\n<p><strong>Desde o Iluminismo, pensadores como\u00a0Cesare Beccaria\u00a0j\u00e1 advertiam que a pena deve cumprir uma fun\u00e7\u00e3o racional, voltada \u00e0 preven\u00e7\u00e3o e \u00e0 reconstru\u00e7\u00e3o social, e n\u00e3o apenas \u00e0 vingan\u00e7a institucionalizada. Mais tarde,\u00a0Michel Foucault demonstraria como os sistemas penais evolu\u00edram \u2014 ou deveriam evoluir \u2014 de mecanismos de repress\u00e3o f\u00edsica para instrumentos de disciplina e transforma\u00e7\u00e3o. Em ambos os casos, o n\u00facleo da reflex\u00e3o \u00e9 o mesmo: a justi\u00e7a n\u00e3o pode ser apenas punitiva; ela precisa ser tamb\u00e9m regeneradora.<\/strong><\/p>\n\n\n\n<figure class=\"wp-block-image size-full is-resized\"><img data-recalc-dims=\"1\" fetchpriority=\"high\" decoding=\"async\" width=\"686\" height=\"386\" src=\"https:\/\/i0.wp.com\/faculdadeguerra.edu.br\/novosite\/wp-content\/uploads\/2026\/04\/hq720.jpg?resize=686%2C386&#038;ssl=1\" alt=\"\" class=\"wp-image-4564\" style=\"width:800px;height:auto\" srcset=\"https:\/\/i0.wp.com\/faculdadeguerra.edu.br\/novosite\/wp-content\/uploads\/2026\/04\/hq720.jpg?w=686&amp;ssl=1 686w, https:\/\/i0.wp.com\/faculdadeguerra.edu.br\/novosite\/wp-content\/uploads\/2026\/04\/hq720.jpg?resize=300%2C169&amp;ssl=1 300w\" sizes=\"(max-width: 686px) 100vw, 686px\" \/><\/figure>\n\n\n\n<p><strong><em>Focault e sua obra-prima, &#8220;Vigiar e Punir&#8221;: em seu mergulho filos\u00f3fico sobre a &#8220;domestica\u00e7\u00e3o&#8221;  dos vigiados, ele  sustentou que o conhecimento \u00e9 uma forma de poder. Oferecer qualifica\u00e7\u00e3o profissional \u00e9, portanto, dar ao detento o &#8220;saber&#8221; necess\u00e1rio para que ele possa exercer um novo tipo de poder sobre sua pr\u00f3pria vida e destino<\/em><\/strong><\/p>\n\n\n\n<p>\u00c9 nesse ponto que iniciativas como a parceria entre a Faculdade Guerra e a Secretaria de Administra\u00e7\u00e3o Penitenci\u00e1ria do Distrito Federal ganham relevo. Ao oferecer cursos de qualifica\u00e7\u00e3o a reeducandos do sistema prisional, abre-se uma fresta \u2014 ainda que pequena \u2014 no muro simb\u00f3lico que separa o erro do recome\u00e7o.<\/p>\n\n\n\n<p>N\u00e3o se trata de ingenuidade, mas de pragmatismo.<\/p>\n\n\n\n<p>Os dados s\u00e3o claros: <strong>educa\u00e7\u00e3o reduz reincid\u00eancia, amplia oportunidades e redefine trajet\u00f3rias. Um indiv\u00edduo que adquire forma\u00e7\u00e3o, que desenvolve compet\u00eancias e que passa a vislumbrar alternativas concretas fora da criminalidade, deixa de ser apenas um n\u00famero no sistema penitenci\u00e1rio para se tornar, novamente, sujeito de sua pr\u00f3pria hist\u00f3ria.<\/strong><\/p>\n\n\n\n<p><strong>A verdadeira quest\u00e3o, portanto, n\u00e3o \u00e9 se devemos punir. A quest\u00e3o \u00e9: o que fazemos depois de punir?<\/strong><\/p>\n\n\n\n<p>Se a resposta for o abandono, o resultado \u00e9 previs\u00edvel \u2014 o retorno ao ciclo da viol\u00eancia, da exclus\u00e3o e da reincid\u00eancia. Mas se a resposta for a educa\u00e7\u00e3o, a qualifica\u00e7\u00e3o e a reintegra\u00e7\u00e3o, ent\u00e3o a pena deixa de ser um fim e passa a ser um meio.<\/p>\n\n\n\n<p>Arist\u00f3teles&nbsp;afirmava que o ser humano s\u00f3 se realiza plenamente na vida em comunidade. Negar essa possibilidade, mesmo ap\u00f3s o cumprimento da pena, \u00e9 condenar o indiv\u00edduo a uma esp\u00e9cie de ex\u00edlio permanente \u2014 um estado de marginalidade que, longe de proteger a sociedade, a fragiliza.<\/p>\n\n\n\n<p>A educa\u00e7\u00e3o continuada, nesse contexto, emerge como o instrumento mais potente de reconstru\u00e7\u00e3o. Ela n\u00e3o apenas transmite conhecimento, mas reorganiza o pensamento, reorienta valores e devolve ao indiv\u00edduo algo essencial: a perspectiva de futuro.<\/p>\n\n\n\n<h3 class=\"wp-block-heading\">Parceria que transforma: educa\u00e7\u00e3o, remi\u00e7\u00e3o de pena e reinser\u00e7\u00e3o social<\/h3>\n\n\n\n<p>\u00c9 nesse cen\u00e1rio que se insere a parceria entre a Faculdade Guerra e a Secretaria de Estado de Administra\u00e7\u00e3o Penitenci\u00e1ria do Distrito Federal. Por meio de conv\u00eanio oficial, a institui\u00e7\u00e3o oferece cursos de qualifica\u00e7\u00e3o profissional a reeducandos do sistema prisional, abrangendo internos dos regimes fechado e semiaberto de todas as unidades prisionais do DF.<\/p>\n\n\n\n<p>A iniciativa cumpre uma dupla fun\u00e7\u00e3o essencial. De um lado, garante o acesso \u00e0 educa\u00e7\u00e3o e \u00e0 capacita\u00e7\u00e3o t\u00e9cnica, ampliando as possibilidades de reinser\u00e7\u00e3o social ap\u00f3s o cumprimento da pena. De outro, viabiliza a remi\u00e7\u00e3o penal \u2014 mecanismo previsto na legisla\u00e7\u00e3o brasileira que permite a redu\u00e7\u00e3o da pena a partir da participa\u00e7\u00e3o em atividades educacionais.<\/p>\n\n\n\n<p>Mais do que uma pol\u00edtica educacional, trata-se de uma estrat\u00e9gia concreta de seguran\u00e7a p\u00fablica. Ao transformar o tempo de encarceramento em tempo de forma\u00e7\u00e3o, rompe-se a l\u00f3gica est\u00e9ril da puni\u00e7\u00e3o isolada e constr\u00f3i-se um caminho efetivo de retorno \u00e0 sociedade.<\/p>\n\n\n\n<p>A parceria revela, assim, um modelo inteligente de atua\u00e7\u00e3o conjunta entre Estado e institui\u00e7\u00e3o de ensino: um modelo que reconhece que a verdadeira ressocializa\u00e7\u00e3o n\u00e3o nasce do isolamento, mas da oportunidade.<\/p>\n\n\n\n<p>E talvez seja esse o ponto mais profundo da quest\u00e3o.<\/p>\n\n\n\n<p>A justi\u00e7a que apenas pune olha para o passado. A justi\u00e7a que educa, por outro lado, projeta o futuro.<\/p>\n\n\n\n<p>Ao permitir que reeducandos dos regimes fechado e semiaberto, em todas as unidades prisionais do Distrito Federal, tenham acesso a cursos de qualifica\u00e7\u00e3o e \u00e0 remi\u00e7\u00e3o de pena, cria-se uma engrenagem virtuosa: o tempo da puni\u00e7\u00e3o passa a ser tamb\u00e9m o tempo da transforma\u00e7\u00e3o.<\/p>\n\n\n\n<p>N\u00e3o se trata de absolver o erro. Trata-se de reconhecer que o erro n\u00e3o pode ser a \u00fanica defini\u00e7\u00e3o de uma vida.<\/p>\n\n\n\n<p>Afinal, uma sociedade que n\u00e3o acredita na possibilidade de recome\u00e7o acaba, inevitavelmente, por aprisionar n\u00e3o apenas seus condenados, mas a si mesma \u2014 ref\u00e9m de um modelo que perpetua aquilo que pretende combater.<\/p>\n\n\n\n<p><strong>A verdadeira justi\u00e7a, portanto, n\u00e3o se encerra na pena.<\/strong><\/p>\n\n\n\n<p><strong>Ela come\u00e7a, de fato, quando se abre a possibilidade de recome\u00e7ar.<\/strong><\/p>\n\n\n\n<p><\/p>\n","protected":false},"excerpt":{"rendered":"<p>H\u00e1 uma tenta\u00e7\u00e3o recorrente nas sociedades contempor\u00e2neas: acreditar que a justi\u00e7a se esgota no ato de punir. Como se a senten\u00e7a fosse um ponto final \u2014 definitivo, absoluto, encerrado em si mesmo. Mas essa vis\u00e3o, embora sedutora em sua aparente simplicidade, revela-se limitada, quando n\u00e3o profundamente equivocada. Punir, por si s\u00f3, nunca foi suficiente. Desde [&hellip;]<\/p>\n","protected":false},"author":2,"featured_media":4565,"comment_status":"closed","ping_status":"open","sticky":false,"template":"","format":"standard","meta":{"_jetpack_memberships_contains_paid_content":false,"_joinchat":[],"footnotes":""},"categories":[54],"tags":[266],"class_list":["post-4560","post","type-post","status-publish","format-standard","has-post-thumbnail","hentry","category-editorial","tag-destaque-2-30-04-2026"],"yoast_head":"<!-- This site is optimized with the Yoast SEO plugin v27.5 - https:\/\/yoast.com\/product\/yoast-seo-wordpress\/ -->\n<title>EDITORIAL: A VERDADEIRA JUSTI\u00c7A N\u00c3O SE ENCERRA NA PENA, MAS SE REALIZA NA POSSIBILIDADE DE RECOME\u00c7O - Faculdade Guerra<\/title>\n<meta name=\"robots\" content=\"index, follow, max-snippet:-1, max-image-preview:large, max-video-preview:-1\" \/>\n<link rel=\"canonical\" href=\"https:\/\/faculdadeguerra.edu.br\/novosite\/editorial-a-verdadeira-justica-nao-se-encerra-na-pena-mas-se-realiza-na-possibilidade-de-recomeco\/\" \/>\n<meta property=\"og:locale\" content=\"pt_BR\" \/>\n<meta property=\"og:type\" content=\"article\" \/>\n<meta property=\"og:title\" content=\"EDITORIAL: A VERDADEIRA JUSTI\u00c7A N\u00c3O SE ENCERRA NA PENA, MAS SE REALIZA NA POSSIBILIDADE DE RECOME\u00c7O - Faculdade Guerra\" \/>\n<meta property=\"og:description\" content=\"H\u00e1 uma tenta\u00e7\u00e3o recorrente nas sociedades contempor\u00e2neas: acreditar que a justi\u00e7a se esgota no ato de punir. Como se a senten\u00e7a fosse um ponto final \u2014 definitivo, absoluto, encerrado em si mesmo. Mas essa vis\u00e3o, embora sedutora em sua aparente simplicidade, revela-se limitada, quando n\u00e3o profundamente equivocada. Punir, por si s\u00f3, nunca foi suficiente. Desde [&hellip;]\" \/>\n<meta property=\"og:url\" content=\"https:\/\/faculdadeguerra.edu.br\/novosite\/editorial-a-verdadeira-justica-nao-se-encerra-na-pena-mas-se-realiza-na-possibilidade-de-recomeco\/\" \/>\n<meta property=\"og:site_name\" content=\"Faculdade Guerra\" \/>\n<meta property=\"article:published_time\" content=\"2026-04-30T12:44:29+00:00\" \/>\n<meta property=\"article:modified_time\" content=\"2026-04-30T12:44:31+00:00\" \/>\n<meta property=\"og:image\" content=\"https:\/\/faculdadeguerra.edu.br\/novosite\/wp-content\/uploads\/2026\/04\/Captura-de-Tela-2026-04-30-as-09.31.51.jpg\" \/>\n\t<meta property=\"og:image:width\" content=\"1920\" \/>\n\t<meta property=\"og:image:height\" content=\"1124\" \/>\n\t<meta property=\"og:image:type\" content=\"image\/jpeg\" \/>\n<meta name=\"author\" content=\"Conrado Conrado Vitali\" \/>\n<meta name=\"twitter:card\" content=\"summary_large_image\" \/>\n<meta name=\"twitter:label1\" content=\"Escrito por\" \/>\n\t<meta name=\"twitter:data1\" content=\"Conrado Conrado Vitali\" \/>\n\t<meta name=\"twitter:label2\" content=\"Est. tempo de leitura\" \/>\n\t<meta name=\"twitter:data2\" content=\"5 minutos\" \/>\n<script type=\"application\/ld+json\" class=\"yoast-schema-graph\">{\"@context\":\"https:\\\/\\\/schema.org\",\"@graph\":[{\"@type\":\"Article\",\"@id\":\"https:\\\/\\\/faculdadeguerra.edu.br\\\/novosite\\\/editorial-a-verdadeira-justica-nao-se-encerra-na-pena-mas-se-realiza-na-possibilidade-de-recomeco\\\/#article\",\"isPartOf\":{\"@id\":\"https:\\\/\\\/faculdadeguerra.edu.br\\\/novosite\\\/editorial-a-verdadeira-justica-nao-se-encerra-na-pena-mas-se-realiza-na-possibilidade-de-recomeco\\\/\"},\"author\":{\"name\":\"Conrado Conrado Vitali\",\"@id\":\"https:\\\/\\\/faculdadeguerra.edu.br\\\/novosite\\\/#\\\/schema\\\/person\\\/f91628e3b406ec9f0b0e99b1352d7ecc\"},\"headline\":\"EDITORIAL: A VERDADEIRA JUSTI\u00c7A N\u00c3O SE ENCERRA NA PENA, MAS SE REALIZA NA POSSIBILIDADE DE RECOME\u00c7O\",\"datePublished\":\"2026-04-30T12:44:29+00:00\",\"dateModified\":\"2026-04-30T12:44:31+00:00\",\"mainEntityOfPage\":{\"@id\":\"https:\\\/\\\/faculdadeguerra.edu.br\\\/novosite\\\/editorial-a-verdadeira-justica-nao-se-encerra-na-pena-mas-se-realiza-na-possibilidade-de-recomeco\\\/\"},\"wordCount\":891,\"publisher\":{\"@id\":\"https:\\\/\\\/faculdadeguerra.edu.br\\\/novosite\\\/#organization\"},\"image\":{\"@id\":\"https:\\\/\\\/faculdadeguerra.edu.br\\\/novosite\\\/editorial-a-verdadeira-justica-nao-se-encerra-na-pena-mas-se-realiza-na-possibilidade-de-recomeco\\\/#primaryimage\"},\"thumbnailUrl\":\"https:\\\/\\\/i0.wp.com\\\/faculdadeguerra.edu.br\\\/novosite\\\/wp-content\\\/uploads\\\/2026\\\/04\\\/Captura-de-Tela-2026-04-30-as-09.31.51.jpg?fit=1920%2C1124&ssl=1\",\"keywords\":[\"Destaque 2 30\\\/04\\\/2026\"],\"articleSection\":[\"Editorial\"],\"inLanguage\":\"pt-BR\"},{\"@type\":\"WebPage\",\"@id\":\"https:\\\/\\\/faculdadeguerra.edu.br\\\/novosite\\\/editorial-a-verdadeira-justica-nao-se-encerra-na-pena-mas-se-realiza-na-possibilidade-de-recomeco\\\/\",\"url\":\"https:\\\/\\\/faculdadeguerra.edu.br\\\/novosite\\\/editorial-a-verdadeira-justica-nao-se-encerra-na-pena-mas-se-realiza-na-possibilidade-de-recomeco\\\/\",\"name\":\"EDITORIAL: A VERDADEIRA JUSTI\u00c7A N\u00c3O SE ENCERRA NA PENA, MAS SE REALIZA NA POSSIBILIDADE DE RECOME\u00c7O - Faculdade Guerra\",\"isPartOf\":{\"@id\":\"https:\\\/\\\/faculdadeguerra.edu.br\\\/novosite\\\/#website\"},\"primaryImageOfPage\":{\"@id\":\"https:\\\/\\\/faculdadeguerra.edu.br\\\/novosite\\\/editorial-a-verdadeira-justica-nao-se-encerra-na-pena-mas-se-realiza-na-possibilidade-de-recomeco\\\/#primaryimage\"},\"image\":{\"@id\":\"https:\\\/\\\/faculdadeguerra.edu.br\\\/novosite\\\/editorial-a-verdadeira-justica-nao-se-encerra-na-pena-mas-se-realiza-na-possibilidade-de-recomeco\\\/#primaryimage\"},\"thumbnailUrl\":\"https:\\\/\\\/i0.wp.com\\\/faculdadeguerra.edu.br\\\/novosite\\\/wp-content\\\/uploads\\\/2026\\\/04\\\/Captura-de-Tela-2026-04-30-as-09.31.51.jpg?fit=1920%2C1124&ssl=1\",\"datePublished\":\"2026-04-30T12:44:29+00:00\",\"dateModified\":\"2026-04-30T12:44:31+00:00\",\"breadcrumb\":{\"@id\":\"https:\\\/\\\/faculdadeguerra.edu.br\\\/novosite\\\/editorial-a-verdadeira-justica-nao-se-encerra-na-pena-mas-se-realiza-na-possibilidade-de-recomeco\\\/#breadcrumb\"},\"inLanguage\":\"pt-BR\",\"potentialAction\":[{\"@type\":\"ReadAction\",\"target\":[\"https:\\\/\\\/faculdadeguerra.edu.br\\\/novosite\\\/editorial-a-verdadeira-justica-nao-se-encerra-na-pena-mas-se-realiza-na-possibilidade-de-recomeco\\\/\"]}]},{\"@type\":\"ImageObject\",\"inLanguage\":\"pt-BR\",\"@id\":\"https:\\\/\\\/faculdadeguerra.edu.br\\\/novosite\\\/editorial-a-verdadeira-justica-nao-se-encerra-na-pena-mas-se-realiza-na-possibilidade-de-recomeco\\\/#primaryimage\",\"url\":\"https:\\\/\\\/i0.wp.com\\\/faculdadeguerra.edu.br\\\/novosite\\\/wp-content\\\/uploads\\\/2026\\\/04\\\/Captura-de-Tela-2026-04-30-as-09.31.51.jpg?fit=1920%2C1124&ssl=1\",\"contentUrl\":\"https:\\\/\\\/i0.wp.com\\\/faculdadeguerra.edu.br\\\/novosite\\\/wp-content\\\/uploads\\\/2026\\\/04\\\/Captura-de-Tela-2026-04-30-as-09.31.51.jpg?fit=1920%2C1124&ssl=1\",\"width\":1920,\"height\":1124},{\"@type\":\"BreadcrumbList\",\"@id\":\"https:\\\/\\\/faculdadeguerra.edu.br\\\/novosite\\\/editorial-a-verdadeira-justica-nao-se-encerra-na-pena-mas-se-realiza-na-possibilidade-de-recomeco\\\/#breadcrumb\",\"itemListElement\":[{\"@type\":\"ListItem\",\"position\":1,\"name\":\"In\u00edcio\",\"item\":\"https:\\\/\\\/faculdadeguerra.edu.br\\\/novosite\\\/\"},{\"@type\":\"ListItem\",\"position\":2,\"name\":\"EDITORIAL: A VERDADEIRA JUSTI\u00c7A N\u00c3O SE ENCERRA NA PENA, MAS SE REALIZA NA POSSIBILIDADE DE RECOME\u00c7O\"}]},{\"@type\":\"WebSite\",\"@id\":\"https:\\\/\\\/faculdadeguerra.edu.br\\\/novosite\\\/#website\",\"url\":\"https:\\\/\\\/faculdadeguerra.edu.br\\\/novosite\\\/\",\"name\":\"Faculdade Guerra\",\"description\":\"Faculdade Guerra: Excel\u00eancia acad\u00eamica em Direito e Seguran\u00e7a P\u00fablica. Gradua\u00e7\u00e3o, P\u00f3s-Gradua\u00e7\u00e3o e cursos t\u00e9cnicos com infraestrutura moderna e corpo docente renomado. Transforme sua carreira!\",\"publisher\":{\"@id\":\"https:\\\/\\\/faculdadeguerra.edu.br\\\/novosite\\\/#organization\"},\"potentialAction\":[{\"@type\":\"SearchAction\",\"target\":{\"@type\":\"EntryPoint\",\"urlTemplate\":\"https:\\\/\\\/faculdadeguerra.edu.br\\\/novosite\\\/?s={search_term_string}\"},\"query-input\":{\"@type\":\"PropertyValueSpecification\",\"valueRequired\":true,\"valueName\":\"search_term_string\"}}],\"inLanguage\":\"pt-BR\"},{\"@type\":\"Organization\",\"@id\":\"https:\\\/\\\/faculdadeguerra.edu.br\\\/novosite\\\/#organization\",\"name\":\"Faculdade Guerra\",\"url\":\"https:\\\/\\\/faculdadeguerra.edu.br\\\/novosite\\\/\",\"logo\":{\"@type\":\"ImageObject\",\"inLanguage\":\"pt-BR\",\"@id\":\"https:\\\/\\\/faculdadeguerra.edu.br\\\/novosite\\\/#\\\/schema\\\/logo\\\/image\\\/\",\"url\":\"https:\\\/\\\/i0.wp.com\\\/faculdadeguerra.edu.br\\\/novosite\\\/wp-content\\\/uploads\\\/2025\\\/03\\\/logo.png?fit=2091%2C578&ssl=1\",\"contentUrl\":\"https:\\\/\\\/i0.wp.com\\\/faculdadeguerra.edu.br\\\/novosite\\\/wp-content\\\/uploads\\\/2025\\\/03\\\/logo.png?fit=2091%2C578&ssl=1\",\"width\":2091,\"height\":578,\"caption\":\"Faculdade Guerra\"},\"image\":{\"@id\":\"https:\\\/\\\/faculdadeguerra.edu.br\\\/novosite\\\/#\\\/schema\\\/logo\\\/image\\\/\"}},{\"@type\":\"Person\",\"@id\":\"https:\\\/\\\/faculdadeguerra.edu.br\\\/novosite\\\/#\\\/schema\\\/person\\\/f91628e3b406ec9f0b0e99b1352d7ecc\",\"name\":\"Conrado Conrado Vitali\",\"image\":{\"@type\":\"ImageObject\",\"inLanguage\":\"pt-BR\",\"@id\":\"https:\\\/\\\/secure.gravatar.com\\\/avatar\\\/aeec7634f044d3fa787d458257d52bc6e8a9f3a10639a944291e8f741f45e417?s=96&d=mm&r=g\",\"url\":\"https:\\\/\\\/secure.gravatar.com\\\/avatar\\\/aeec7634f044d3fa787d458257d52bc6e8a9f3a10639a944291e8f741f45e417?s=96&d=mm&r=g\",\"contentUrl\":\"https:\\\/\\\/secure.gravatar.com\\\/avatar\\\/aeec7634f044d3fa787d458257d52bc6e8a9f3a10639a944291e8f741f45e417?s=96&d=mm&r=g\",\"caption\":\"Conrado Conrado Vitali\"},\"url\":\"https:\\\/\\\/faculdadeguerra.edu.br\\\/novosite\\\/author\\\/conrado-vitali\\\/\"}]}<\/script>\n<!-- \/ Yoast SEO plugin. -->","yoast_head_json":{"title":"EDITORIAL: A VERDADEIRA JUSTI\u00c7A N\u00c3O SE ENCERRA NA PENA, MAS SE REALIZA NA POSSIBILIDADE DE RECOME\u00c7O - Faculdade Guerra","robots":{"index":"index","follow":"follow","max-snippet":"max-snippet:-1","max-image-preview":"max-image-preview:large","max-video-preview":"max-video-preview:-1"},"canonical":"https:\/\/faculdadeguerra.edu.br\/novosite\/editorial-a-verdadeira-justica-nao-se-encerra-na-pena-mas-se-realiza-na-possibilidade-de-recomeco\/","og_locale":"pt_BR","og_type":"article","og_title":"EDITORIAL: A VERDADEIRA JUSTI\u00c7A N\u00c3O SE ENCERRA NA PENA, MAS SE REALIZA NA POSSIBILIDADE DE RECOME\u00c7O - Faculdade Guerra","og_description":"H\u00e1 uma tenta\u00e7\u00e3o recorrente nas sociedades contempor\u00e2neas: acreditar que a justi\u00e7a se esgota no ato de punir. Como se a senten\u00e7a fosse um ponto final \u2014 definitivo, absoluto, encerrado em si mesmo. Mas essa vis\u00e3o, embora sedutora em sua aparente simplicidade, revela-se limitada, quando n\u00e3o profundamente equivocada. Punir, por si s\u00f3, nunca foi suficiente. Desde [&hellip;]","og_url":"https:\/\/faculdadeguerra.edu.br\/novosite\/editorial-a-verdadeira-justica-nao-se-encerra-na-pena-mas-se-realiza-na-possibilidade-de-recomeco\/","og_site_name":"Faculdade Guerra","article_published_time":"2026-04-30T12:44:29+00:00","article_modified_time":"2026-04-30T12:44:31+00:00","og_image":[{"width":1920,"height":1124,"url":"https:\/\/faculdadeguerra.edu.br\/novosite\/wp-content\/uploads\/2026\/04\/Captura-de-Tela-2026-04-30-as-09.31.51.jpg","type":"image\/jpeg"}],"author":"Conrado Conrado Vitali","twitter_card":"summary_large_image","twitter_misc":{"Escrito por":"Conrado Conrado Vitali","Est. tempo de leitura":"5 minutos"},"schema":{"@context":"https:\/\/schema.org","@graph":[{"@type":"Article","@id":"https:\/\/faculdadeguerra.edu.br\/novosite\/editorial-a-verdadeira-justica-nao-se-encerra-na-pena-mas-se-realiza-na-possibilidade-de-recomeco\/#article","isPartOf":{"@id":"https:\/\/faculdadeguerra.edu.br\/novosite\/editorial-a-verdadeira-justica-nao-se-encerra-na-pena-mas-se-realiza-na-possibilidade-de-recomeco\/"},"author":{"name":"Conrado Conrado Vitali","@id":"https:\/\/faculdadeguerra.edu.br\/novosite\/#\/schema\/person\/f91628e3b406ec9f0b0e99b1352d7ecc"},"headline":"EDITORIAL: A VERDADEIRA JUSTI\u00c7A N\u00c3O SE ENCERRA NA PENA, MAS SE REALIZA NA POSSIBILIDADE DE RECOME\u00c7O","datePublished":"2026-04-30T12:44:29+00:00","dateModified":"2026-04-30T12:44:31+00:00","mainEntityOfPage":{"@id":"https:\/\/faculdadeguerra.edu.br\/novosite\/editorial-a-verdadeira-justica-nao-se-encerra-na-pena-mas-se-realiza-na-possibilidade-de-recomeco\/"},"wordCount":891,"publisher":{"@id":"https:\/\/faculdadeguerra.edu.br\/novosite\/#organization"},"image":{"@id":"https:\/\/faculdadeguerra.edu.br\/novosite\/editorial-a-verdadeira-justica-nao-se-encerra-na-pena-mas-se-realiza-na-possibilidade-de-recomeco\/#primaryimage"},"thumbnailUrl":"https:\/\/i0.wp.com\/faculdadeguerra.edu.br\/novosite\/wp-content\/uploads\/2026\/04\/Captura-de-Tela-2026-04-30-as-09.31.51.jpg?fit=1920%2C1124&ssl=1","keywords":["Destaque 2 30\/04\/2026"],"articleSection":["Editorial"],"inLanguage":"pt-BR"},{"@type":"WebPage","@id":"https:\/\/faculdadeguerra.edu.br\/novosite\/editorial-a-verdadeira-justica-nao-se-encerra-na-pena-mas-se-realiza-na-possibilidade-de-recomeco\/","url":"https:\/\/faculdadeguerra.edu.br\/novosite\/editorial-a-verdadeira-justica-nao-se-encerra-na-pena-mas-se-realiza-na-possibilidade-de-recomeco\/","name":"EDITORIAL: A VERDADEIRA JUSTI\u00c7A N\u00c3O SE ENCERRA NA PENA, MAS SE REALIZA NA POSSIBILIDADE DE RECOME\u00c7O - Faculdade Guerra","isPartOf":{"@id":"https:\/\/faculdadeguerra.edu.br\/novosite\/#website"},"primaryImageOfPage":{"@id":"https:\/\/faculdadeguerra.edu.br\/novosite\/editorial-a-verdadeira-justica-nao-se-encerra-na-pena-mas-se-realiza-na-possibilidade-de-recomeco\/#primaryimage"},"image":{"@id":"https:\/\/faculdadeguerra.edu.br\/novosite\/editorial-a-verdadeira-justica-nao-se-encerra-na-pena-mas-se-realiza-na-possibilidade-de-recomeco\/#primaryimage"},"thumbnailUrl":"https:\/\/i0.wp.com\/faculdadeguerra.edu.br\/novosite\/wp-content\/uploads\/2026\/04\/Captura-de-Tela-2026-04-30-as-09.31.51.jpg?fit=1920%2C1124&ssl=1","datePublished":"2026-04-30T12:44:29+00:00","dateModified":"2026-04-30T12:44:31+00:00","breadcrumb":{"@id":"https:\/\/faculdadeguerra.edu.br\/novosite\/editorial-a-verdadeira-justica-nao-se-encerra-na-pena-mas-se-realiza-na-possibilidade-de-recomeco\/#breadcrumb"},"inLanguage":"pt-BR","potentialAction":[{"@type":"ReadAction","target":["https:\/\/faculdadeguerra.edu.br\/novosite\/editorial-a-verdadeira-justica-nao-se-encerra-na-pena-mas-se-realiza-na-possibilidade-de-recomeco\/"]}]},{"@type":"ImageObject","inLanguage":"pt-BR","@id":"https:\/\/faculdadeguerra.edu.br\/novosite\/editorial-a-verdadeira-justica-nao-se-encerra-na-pena-mas-se-realiza-na-possibilidade-de-recomeco\/#primaryimage","url":"https:\/\/i0.wp.com\/faculdadeguerra.edu.br\/novosite\/wp-content\/uploads\/2026\/04\/Captura-de-Tela-2026-04-30-as-09.31.51.jpg?fit=1920%2C1124&ssl=1","contentUrl":"https:\/\/i0.wp.com\/faculdadeguerra.edu.br\/novosite\/wp-content\/uploads\/2026\/04\/Captura-de-Tela-2026-04-30-as-09.31.51.jpg?fit=1920%2C1124&ssl=1","width":1920,"height":1124},{"@type":"BreadcrumbList","@id":"https:\/\/faculdadeguerra.edu.br\/novosite\/editorial-a-verdadeira-justica-nao-se-encerra-na-pena-mas-se-realiza-na-possibilidade-de-recomeco\/#breadcrumb","itemListElement":[{"@type":"ListItem","position":1,"name":"In\u00edcio","item":"https:\/\/faculdadeguerra.edu.br\/novosite\/"},{"@type":"ListItem","position":2,"name":"EDITORIAL: A VERDADEIRA JUSTI\u00c7A N\u00c3O SE ENCERRA NA PENA, MAS SE REALIZA NA POSSIBILIDADE DE RECOME\u00c7O"}]},{"@type":"WebSite","@id":"https:\/\/faculdadeguerra.edu.br\/novosite\/#website","url":"https:\/\/faculdadeguerra.edu.br\/novosite\/","name":"Faculdade Guerra","description":"Faculdade Guerra: Excel\u00eancia acad\u00eamica em Direito e Seguran\u00e7a P\u00fablica. Gradua\u00e7\u00e3o, P\u00f3s-Gradua\u00e7\u00e3o e cursos t\u00e9cnicos com infraestrutura moderna e corpo docente renomado. Transforme sua carreira!","publisher":{"@id":"https:\/\/faculdadeguerra.edu.br\/novosite\/#organization"},"potentialAction":[{"@type":"SearchAction","target":{"@type":"EntryPoint","urlTemplate":"https:\/\/faculdadeguerra.edu.br\/novosite\/?s={search_term_string}"},"query-input":{"@type":"PropertyValueSpecification","valueRequired":true,"valueName":"search_term_string"}}],"inLanguage":"pt-BR"},{"@type":"Organization","@id":"https:\/\/faculdadeguerra.edu.br\/novosite\/#organization","name":"Faculdade Guerra","url":"https:\/\/faculdadeguerra.edu.br\/novosite\/","logo":{"@type":"ImageObject","inLanguage":"pt-BR","@id":"https:\/\/faculdadeguerra.edu.br\/novosite\/#\/schema\/logo\/image\/","url":"https:\/\/i0.wp.com\/faculdadeguerra.edu.br\/novosite\/wp-content\/uploads\/2025\/03\/logo.png?fit=2091%2C578&ssl=1","contentUrl":"https:\/\/i0.wp.com\/faculdadeguerra.edu.br\/novosite\/wp-content\/uploads\/2025\/03\/logo.png?fit=2091%2C578&ssl=1","width":2091,"height":578,"caption":"Faculdade Guerra"},"image":{"@id":"https:\/\/faculdadeguerra.edu.br\/novosite\/#\/schema\/logo\/image\/"}},{"@type":"Person","@id":"https:\/\/faculdadeguerra.edu.br\/novosite\/#\/schema\/person\/f91628e3b406ec9f0b0e99b1352d7ecc","name":"Conrado Conrado Vitali","image":{"@type":"ImageObject","inLanguage":"pt-BR","@id":"https:\/\/secure.gravatar.com\/avatar\/aeec7634f044d3fa787d458257d52bc6e8a9f3a10639a944291e8f741f45e417?s=96&d=mm&r=g","url":"https:\/\/secure.gravatar.com\/avatar\/aeec7634f044d3fa787d458257d52bc6e8a9f3a10639a944291e8f741f45e417?s=96&d=mm&r=g","contentUrl":"https:\/\/secure.gravatar.com\/avatar\/aeec7634f044d3fa787d458257d52bc6e8a9f3a10639a944291e8f741f45e417?s=96&d=mm&r=g","caption":"Conrado Conrado Vitali"},"url":"https:\/\/faculdadeguerra.edu.br\/novosite\/author\/conrado-vitali\/"}]}},"jetpack_featured_media_url":"https:\/\/i0.wp.com\/faculdadeguerra.edu.br\/novosite\/wp-content\/uploads\/2026\/04\/Captura-de-Tela-2026-04-30-as-09.31.51.jpg?fit=1920%2C1124&ssl=1","jetpack_sharing_enabled":true,"_links":{"self":[{"href":"https:\/\/faculdadeguerra.edu.br\/novosite\/wp-json\/wp\/v2\/posts\/4560","targetHints":{"allow":["GET"]}}],"collection":[{"href":"https:\/\/faculdadeguerra.edu.br\/novosite\/wp-json\/wp\/v2\/posts"}],"about":[{"href":"https:\/\/faculdadeguerra.edu.br\/novosite\/wp-json\/wp\/v2\/types\/post"}],"author":[{"embeddable":true,"href":"https:\/\/faculdadeguerra.edu.br\/novosite\/wp-json\/wp\/v2\/users\/2"}],"replies":[{"embeddable":true,"href":"https:\/\/faculdadeguerra.edu.br\/novosite\/wp-json\/wp\/v2\/comments?post=4560"}],"version-history":[{"count":1,"href":"https:\/\/faculdadeguerra.edu.br\/novosite\/wp-json\/wp\/v2\/posts\/4560\/revisions"}],"predecessor-version":[{"id":4566,"href":"https:\/\/faculdadeguerra.edu.br\/novosite\/wp-json\/wp\/v2\/posts\/4560\/revisions\/4566"}],"wp:featuredmedia":[{"embeddable":true,"href":"https:\/\/faculdadeguerra.edu.br\/novosite\/wp-json\/wp\/v2\/media\/4565"}],"wp:attachment":[{"href":"https:\/\/faculdadeguerra.edu.br\/novosite\/wp-json\/wp\/v2\/media?parent=4560"}],"wp:term":[{"taxonomy":"category","embeddable":true,"href":"https:\/\/faculdadeguerra.edu.br\/novosite\/wp-json\/wp\/v2\/categories?post=4560"},{"taxonomy":"post_tag","embeddable":true,"href":"https:\/\/faculdadeguerra.edu.br\/novosite\/wp-json\/wp\/v2\/tags?post=4560"}],"curies":[{"name":"wp","href":"https:\/\/api.w.org\/{rel}","templated":true}]}}