{"id":4550,"date":"2026-04-30T08:47:54","date_gmt":"2026-04-30T11:47:54","guid":{"rendered":"https:\/\/faculdadeguerra.edu.br\/novosite\/?p=4550"},"modified":"2026-04-30T08:49:52","modified_gmt":"2026-04-30T11:49:52","slug":"educacao-que-liberta-faculdade-guerra-e-seape-fortalecem-a-ressocializacao-no-sistema-prisional-do-df","status":"publish","type":"post","link":"https:\/\/faculdadeguerra.edu.br\/novosite\/educacao-que-liberta-faculdade-guerra-e-seape-fortalecem-a-ressocializacao-no-sistema-prisional-do-df\/","title":{"rendered":"EDUCA\u00c7\u00c3O QUE LIBERTA: FACULDADE GUERRA E SEAPE FORTALECEM A RESSOCIALIZA\u00c7\u00c3O NO SISTEMA PRISIONAL DO DF"},"content":{"rendered":"\n<p><strong><em>A cada 180 horas de estudo, reeducandos diminuem suas penas em 15 dias.<\/em><\/strong><\/p>\n\n\n\n<p>A&nbsp;Faculdade Guerra, em Bras\u00edlia, mant\u00e9m uma&nbsp;&nbsp;parceria institucional estrat\u00e9gica com a&nbsp;Secretaria de Estado de Administra\u00e7\u00e3o Penitenci\u00e1ria do Distrito Federal (SEAPE)&nbsp;que se consolida como um dos mais relevantes exemplos de integra\u00e7\u00e3o entre educa\u00e7\u00e3o e pol\u00edticas p\u00fablicas de seguran\u00e7a e cidadania. Por meio de conv\u00eanio oficial, a institui\u00e7\u00e3o oferece cursos de qualifica\u00e7\u00e3o profissional voltados a reeducandos do sistema prisional, contribuindo diretamente para sua ressocializa\u00e7\u00e3o e possibilitando a remi\u00e7\u00e3o proporcional de penas.<\/p>\n\n\n\n<p>A iniciativa contempla reeducandos dos regimes fechado e semiaberto de todas as unidades prisionais do Distrito Federal, ampliando o acesso \u00e0 educa\u00e7\u00e3o formal e profissional dentro do ambiente carcer\u00e1rio \u2014 um dos maiores desafios estruturais do sistema penal brasileiro.<\/p>\n\n\n\n<p><strong>Educa\u00e7\u00e3o como ferramenta concreta de transforma\u00e7\u00e3o<\/strong><\/p>\n\n\n\n<figure class=\"wp-block-embed is-type-video is-provider-youtube wp-block-embed-youtube wp-embed-aspect-9-16 wp-has-aspect-ratio\"><div class=\"wp-block-embed__wrapper\">\n<iframe title=\"REMI\u00c7\u00c3O DE PENA NA FACULDADE GUERRA\" width=\"563\" height=\"1000\" src=\"https:\/\/www.youtube.com\/embed\/i0_cw3rP5hE?feature=oembed\" frameborder=\"0\" allow=\"accelerometer; autoplay; clipboard-write; encrypted-media; gyroscope; picture-in-picture; web-share\" referrerpolicy=\"strict-origin-when-cross-origin\" allowfullscreen><\/iframe>\n<\/div><\/figure>\n\n\n\n<p>O conv\u00eanio permite que os internos participem de cursos em diversas \u00e1reas do conhecimento, promovendo capacita\u00e7\u00e3o t\u00e9cnica, desenvolvimento pessoal e constru\u00e7\u00e3o de novas perspectivas de vida. Mais do que transmitir conte\u00fado, trata-se de um projeto que atua na reconstru\u00e7\u00e3o da identidade social do indiv\u00edduo.<\/p>\n\n\n\n<p><strong>A legisla\u00e7\u00e3o brasileira j\u00e1 reconhece o valor dessa iniciativa: a cada 180 horas de estudo , o reeducando pode reduzir 15&nbsp;&nbsp;dias de sua pena \u2014 mecanismo conhecido como remi\u00e7\u00e3o.&nbsp;<\/strong><\/p>\n\n\n\n<p>Essa l\u00f3gica estabelece um c\u00edrculo virtuoso: quanto maior o engajamento educacional, maior a redu\u00e7\u00e3o da pena e, sobretudo, maiores as chances de reinser\u00e7\u00e3o social digna.<\/p>\n\n\n\n<p><strong>Dados e estudos: educa\u00e7\u00e3o reduz a reincid\u00eancia<\/strong><\/p>\n\n\n\n<p>Diversas pesquisas acad\u00eamicas e institucionais refor\u00e7am a import\u00e2ncia da educa\u00e7\u00e3o no sistema prisional. Estudos indicam que programas educacionais e laborais podem reduzir significativamente a reincid\u00eancia criminal \u2014 em alguns casos, em at\u00e9&nbsp;<strong>32%<\/strong>&nbsp;entre participantes de atividades educacionais.&nbsp;<\/p>\n\n\n\n<p>Outras pesquisas apontam que o acesso \u00e0 educa\u00e7\u00e3o capacita o indiv\u00edduo para o mercado de trabalho e fortalece sua cidadania, diminuindo a probabilidade de retorno ao crime.&nbsp;<\/p>\n\n\n\n<p>No Brasil, a reincid\u00eancia ainda \u00e9 um desafio relevante: levantamentos mostram taxas que podem chegar a cerca de&nbsp;<strong>24%<\/strong> em estudos mais recentes, evidenciando a necessidade de pol\u00edticas eficazes de reintegra\u00e7\u00e3o social.&nbsp;<\/p>\n\n\n\n<p>Al\u00e9m disso, an\u00e1lises do sistema prisional brasileiro demonstram que iniciativas de estudo, trabalho e qualifica\u00e7\u00e3o s\u00e3o essenciais para quebrar o ciclo de marginaliza\u00e7\u00e3o que frequentemente leva ao retorno \u00e0 criminalidade.&nbsp;<\/p>\n\n\n\n<p><strong>Um projeto que envolve Estado, educa\u00e7\u00e3o e sociedade<\/strong><\/p>\n\n\n\n<p>Especialistas destacam que a ressocializa\u00e7\u00e3o n\u00e3o depende apenas do Estado, mas de uma articula\u00e7\u00e3o ampla que envolva institui\u00e7\u00f5es de ensino e a sociedade civil.&nbsp;<\/p>\n\n\n\n<p>Nesse contexto, a parceria entre a Faculdade Guerra e a SEAPE representa um modelo de coopera\u00e7\u00e3o que transcende o ensino tradicional: trata-se de uma pol\u00edtica p\u00fablica aplicada, com impacto direto na seguran\u00e7a p\u00fablica, na dignidade humana e na redu\u00e7\u00e3o da criminalidade.<\/p>\n\n\n\n<p><strong>Educa\u00e7\u00e3o continuada: eixo central da ressocializa\u00e7\u00e3o<\/strong><\/p>\n\n\n\n<p>A educa\u00e7\u00e3o continuada \u00e9 um dos pilares mais s\u00f3lidos para a ressocializa\u00e7\u00e3o de reeducandos. N\u00e3o se trata apenas de alfabetiza\u00e7\u00e3o ou ensino b\u00e1sico, mas de um processo permanente de forma\u00e7\u00e3o que acompanha o indiv\u00edduo ao longo de sua trajet\u00f3ria.<\/p>\n\n\n\n<p>A forma\u00e7\u00e3o continuada:<\/p>\n\n\n\n<ul class=\"wp-block-list\">\n<li>amplia as possibilidades de inser\u00e7\u00e3o no mercado de trabalho;<\/li>\n\n\n\n<li>fortalece a autoestima e o senso de pertencimento social;<\/li>\n\n\n\n<li>reduz a vulnerabilidade a contextos de criminalidade;<\/li>\n\n\n\n<li>promove autonomia e reconstru\u00e7\u00e3o de projetos de vida.<\/li>\n<\/ul>\n\n\n\n<p>Estudos apontam que a educa\u00e7\u00e3o no c\u00e1rcere n\u00e3o apenas reduz a reincid\u00eancia, mas tamb\u00e9m promove dignidade, autonomia e participa\u00e7\u00e3o ativa na sociedade ap\u00f3s o cumprimento da pena.&nbsp;<\/p>\n\n\n\n<p><\/p>\n\n\n\n<p><strong>Fundamentos filos\u00f3ficos da reeduca\u00e7\u00e3o<\/strong><\/p>\n\n\n\n<p>A ideia de ressocializa\u00e7\u00e3o encontra respaldo em diferentes tradi\u00e7\u00f5es filos\u00f3ficas.<\/p>\n\n\n\n<figure class=\"wp-block-image size-full\"><img data-recalc-dims=\"1\" fetchpriority=\"high\" decoding=\"async\" width=\"738\" height=\"480\" src=\"https:\/\/i0.wp.com\/faculdadeguerra.edu.br\/novosite\/wp-content\/uploads\/2026\/04\/738_foucaultok.jpg?resize=738%2C480&#038;ssl=1\" alt=\"\" class=\"wp-image-4551\" srcset=\"https:\/\/i0.wp.com\/faculdadeguerra.edu.br\/novosite\/wp-content\/uploads\/2026\/04\/738_foucaultok.jpg?w=738&amp;ssl=1 738w, https:\/\/i0.wp.com\/faculdadeguerra.edu.br\/novosite\/wp-content\/uploads\/2026\/04\/738_foucaultok.jpg?resize=300%2C195&amp;ssl=1 300w\" sizes=\"(max-width: 738px) 100vw, 738px\" \/><\/figure>\n\n\n\n<p><strong>O fil\u00f3sofo<\/strong> <strong>Michel Foucault, ao analisar o sistema penal, destacou que a puni\u00e7\u00e3o deve evoluir de um modelo puramente repressivo para um modelo disciplinar e transformador.<\/strong><\/p>\n\n\n\n<figure class=\"wp-block-image size-large\"><img data-recalc-dims=\"1\" decoding=\"async\" width=\"688\" height=\"1024\" src=\"https:\/\/i0.wp.com\/faculdadeguerra.edu.br\/novosite\/wp-content\/uploads\/2026\/04\/IMG_0007.jpg?resize=688%2C1024&#038;ssl=1\" alt=\"\" class=\"wp-image-4552\" srcset=\"https:\/\/i0.wp.com\/faculdadeguerra.edu.br\/novosite\/wp-content\/uploads\/2026\/04\/IMG_0007.jpg?resize=688%2C1024&amp;ssl=1 688w, https:\/\/i0.wp.com\/faculdadeguerra.edu.br\/novosite\/wp-content\/uploads\/2026\/04\/IMG_0007.jpg?resize=202%2C300&amp;ssl=1 202w, https:\/\/i0.wp.com\/faculdadeguerra.edu.br\/novosite\/wp-content\/uploads\/2026\/04\/IMG_0007.jpg?resize=768%2C1143&amp;ssl=1 768w, https:\/\/i0.wp.com\/faculdadeguerra.edu.br\/novosite\/wp-content\/uploads\/2026\/04\/IMG_0007.jpg?resize=1032%2C1536&amp;ssl=1 1032w, https:\/\/i0.wp.com\/faculdadeguerra.edu.br\/novosite\/wp-content\/uploads\/2026\/04\/IMG_0007.jpg?w=1075&amp;ssl=1 1075w\" sizes=\"(max-width: 688px) 100vw, 688px\" \/><\/figure>\n\n\n\n<p><strong>J\u00e1&nbsp;Cesare Beccaria, o c\u00e9lebre jurista milan\u00eas, &nbsp;defendia que a pena deve ter car\u00e1ter preventivo e educativo, e n\u00e3o apenas punitivo.<\/strong><\/p>\n\n\n\n<p>Na tradi\u00e7\u00e3o cl\u00e1ssica,&nbsp;Arist\u00f3teles&nbsp;j\u00e1 afirmava que \u201co homem \u00e9 um animal pol\u00edtico\u201d, indicando que sua realiza\u00e7\u00e3o depende da vida em sociedade \u2014 o que refor\u00e7a a necessidade de reintegra\u00e7\u00e3o, e n\u00e3o de exclus\u00e3o permanente.<\/p>\n\n\n\n<p><strong>Impacto social: seguran\u00e7a p\u00fablica e dignidade humana<\/strong><\/p>\n\n\n\n<p>Ao investir na qualifica\u00e7\u00e3o de reeducandos, a Faculdade Guerra contribui n\u00e3o apenas para a transforma\u00e7\u00e3o individual, mas para um efeito coletivo de longo alcance: a redu\u00e7\u00e3o da reincid\u00eancia criminal, o fortalecimento da seguran\u00e7a p\u00fablica e a constru\u00e7\u00e3o de uma sociedade mais justa.<\/p>\n\n\n\n<p>A parceria com a SEAP DF demonstra que educa\u00e7\u00e3o e justi\u00e7a podem caminhar juntas \u2014 n\u00e3o apenas para punir, mas para transformar.<\/p>\n\n\n\n<p>Em um sistema historicamente marcado por desafios estruturais, iniciativas como essa apontam um caminho concreto: o de que a verdadeira justi\u00e7a n\u00e3o se encerra na pena, mas se realiza na possibilidade de recome\u00e7o.<\/p>\n\n\n\n<p><a href=\"https:\/\/faculdadeguerra.edu.br\/novosite\/curso-direito-sistema-prisional\/#\">SAIBA MAIS SOBRE OS CURSOS PARA REEDUCANDOS DO SISTEMA PRISIONAL DA FACULDADE GUERRA<\/a><\/p>\n\n\n\n<p><\/p>\n","protected":false},"excerpt":{"rendered":"<p>A cada 180 horas de estudo, reeducandos diminuem suas penas em 15 dias. A&nbsp;Faculdade Guerra, em Bras\u00edlia, mant\u00e9m uma&nbsp;&nbsp;parceria institucional estrat\u00e9gica com a&nbsp;Secretaria de Estado de Administra\u00e7\u00e3o Penitenci\u00e1ria do Distrito Federal (SEAPE)&nbsp;que se consolida como um dos mais relevantes exemplos de integra\u00e7\u00e3o entre educa\u00e7\u00e3o e pol\u00edticas p\u00fablicas de seguran\u00e7a e cidadania. Por meio de conv\u00eanio [&hellip;]<\/p>\n","protected":false},"author":2,"featured_media":4553,"comment_status":"closed","ping_status":"open","sticky":false,"template":"","format":"standard","meta":{"_jetpack_memberships_contains_paid_content":false,"_joinchat":[],"footnotes":""},"categories":[160],"tags":[265],"class_list":["post-4550","post","type-post","status-publish","format-standard","has-post-thumbnail","hentry","category-sistema-prisional","tag-destaque-30-04-206"],"yoast_head":"<!-- This site is optimized with the Yoast SEO plugin v27.5 - https:\/\/yoast.com\/product\/yoast-seo-wordpress\/ -->\n<title>EDUCA\u00c7\u00c3O QUE LIBERTA: FACULDADE GUERRA E SEAPE FORTALECEM A RESSOCIALIZA\u00c7\u00c3O NO SISTEMA PRISIONAL DO DF - Faculdade Guerra<\/title>\n<meta name=\"robots\" content=\"index, follow, max-snippet:-1, max-image-preview:large, max-video-preview:-1\" \/>\n<link rel=\"canonical\" href=\"https:\/\/faculdadeguerra.edu.br\/novosite\/educacao-que-liberta-faculdade-guerra-e-seape-fortalecem-a-ressocializacao-no-sistema-prisional-do-df\/\" \/>\n<meta property=\"og:locale\" content=\"pt_BR\" \/>\n<meta property=\"og:type\" content=\"article\" \/>\n<meta property=\"og:title\" content=\"EDUCA\u00c7\u00c3O QUE LIBERTA: FACULDADE GUERRA E SEAPE FORTALECEM A RESSOCIALIZA\u00c7\u00c3O NO SISTEMA PRISIONAL DO DF - Faculdade Guerra\" \/>\n<meta property=\"og:description\" content=\"A cada 180 horas de estudo, reeducandos diminuem suas penas em 15 dias. A&nbsp;Faculdade Guerra, em Bras\u00edlia, mant\u00e9m uma&nbsp;&nbsp;parceria institucional estrat\u00e9gica com a&nbsp;Secretaria de Estado de Administra\u00e7\u00e3o Penitenci\u00e1ria do Distrito Federal (SEAPE)&nbsp;que se consolida como um dos mais relevantes exemplos de integra\u00e7\u00e3o entre educa\u00e7\u00e3o e pol\u00edticas p\u00fablicas de seguran\u00e7a e cidadania. Por meio de conv\u00eanio [&hellip;]\" \/>\n<meta property=\"og:url\" content=\"https:\/\/faculdadeguerra.edu.br\/novosite\/educacao-que-liberta-faculdade-guerra-e-seape-fortalecem-a-ressocializacao-no-sistema-prisional-do-df\/\" \/>\n<meta property=\"og:site_name\" content=\"Faculdade Guerra\" \/>\n<meta property=\"article:published_time\" content=\"2026-04-30T11:47:54+00:00\" \/>\n<meta property=\"article:modified_time\" content=\"2026-04-30T11:49:52+00:00\" \/>\n<meta property=\"og:image\" content=\"https:\/\/faculdadeguerra.edu.br\/novosite\/wp-content\/uploads\/2026\/04\/IMG_4909.jpg\" \/>\n\t<meta property=\"og:image:width\" content=\"1241\" \/>\n\t<meta property=\"og:image:height\" content=\"682\" \/>\n\t<meta property=\"og:image:type\" content=\"image\/jpeg\" \/>\n<meta name=\"author\" content=\"Conrado Conrado Vitali\" \/>\n<meta name=\"twitter:card\" content=\"summary_large_image\" \/>\n<meta name=\"twitter:label1\" content=\"Escrito por\" \/>\n\t<meta name=\"twitter:data1\" content=\"Conrado Conrado Vitali\" \/>\n\t<meta name=\"twitter:label2\" content=\"Est. tempo de leitura\" \/>\n\t<meta name=\"twitter:data2\" content=\"5 minutos\" \/>\n<script type=\"application\/ld+json\" class=\"yoast-schema-graph\">{\"@context\":\"https:\\\/\\\/schema.org\",\"@graph\":[{\"@type\":\"Article\",\"@id\":\"https:\\\/\\\/faculdadeguerra.edu.br\\\/novosite\\\/educacao-que-liberta-faculdade-guerra-e-seape-fortalecem-a-ressocializacao-no-sistema-prisional-do-df\\\/#article\",\"isPartOf\":{\"@id\":\"https:\\\/\\\/faculdadeguerra.edu.br\\\/novosite\\\/educacao-que-liberta-faculdade-guerra-e-seape-fortalecem-a-ressocializacao-no-sistema-prisional-do-df\\\/\"},\"author\":{\"name\":\"Conrado Conrado Vitali\",\"@id\":\"https:\\\/\\\/faculdadeguerra.edu.br\\\/novosite\\\/#\\\/schema\\\/person\\\/f91628e3b406ec9f0b0e99b1352d7ecc\"},\"headline\":\"EDUCA\u00c7\u00c3O QUE LIBERTA: FACULDADE GUERRA E SEAPE FORTALECEM A RESSOCIALIZA\u00c7\u00c3O NO SISTEMA PRISIONAL DO DF\",\"datePublished\":\"2026-04-30T11:47:54+00:00\",\"dateModified\":\"2026-04-30T11:49:52+00:00\",\"mainEntityOfPage\":{\"@id\":\"https:\\\/\\\/faculdadeguerra.edu.br\\\/novosite\\\/educacao-que-liberta-faculdade-guerra-e-seape-fortalecem-a-ressocializacao-no-sistema-prisional-do-df\\\/\"},\"wordCount\":906,\"publisher\":{\"@id\":\"https:\\\/\\\/faculdadeguerra.edu.br\\\/novosite\\\/#organization\"},\"image\":{\"@id\":\"https:\\\/\\\/faculdadeguerra.edu.br\\\/novosite\\\/educacao-que-liberta-faculdade-guerra-e-seape-fortalecem-a-ressocializacao-no-sistema-prisional-do-df\\\/#primaryimage\"},\"thumbnailUrl\":\"https:\\\/\\\/i0.wp.com\\\/faculdadeguerra.edu.br\\\/novosite\\\/wp-content\\\/uploads\\\/2026\\\/04\\\/IMG_4909.jpg?fit=1241%2C682&ssl=1\",\"keywords\":[\"Destaque 30\\\/04\\\/206\"],\"articleSection\":[\"Sistema Prisional\"],\"inLanguage\":\"pt-BR\"},{\"@type\":\"WebPage\",\"@id\":\"https:\\\/\\\/faculdadeguerra.edu.br\\\/novosite\\\/educacao-que-liberta-faculdade-guerra-e-seape-fortalecem-a-ressocializacao-no-sistema-prisional-do-df\\\/\",\"url\":\"https:\\\/\\\/faculdadeguerra.edu.br\\\/novosite\\\/educacao-que-liberta-faculdade-guerra-e-seape-fortalecem-a-ressocializacao-no-sistema-prisional-do-df\\\/\",\"name\":\"EDUCA\u00c7\u00c3O QUE LIBERTA: FACULDADE GUERRA E SEAPE FORTALECEM A RESSOCIALIZA\u00c7\u00c3O NO SISTEMA PRISIONAL DO DF - Faculdade Guerra\",\"isPartOf\":{\"@id\":\"https:\\\/\\\/faculdadeguerra.edu.br\\\/novosite\\\/#website\"},\"primaryImageOfPage\":{\"@id\":\"https:\\\/\\\/faculdadeguerra.edu.br\\\/novosite\\\/educacao-que-liberta-faculdade-guerra-e-seape-fortalecem-a-ressocializacao-no-sistema-prisional-do-df\\\/#primaryimage\"},\"image\":{\"@id\":\"https:\\\/\\\/faculdadeguerra.edu.br\\\/novosite\\\/educacao-que-liberta-faculdade-guerra-e-seape-fortalecem-a-ressocializacao-no-sistema-prisional-do-df\\\/#primaryimage\"},\"thumbnailUrl\":\"https:\\\/\\\/i0.wp.com\\\/faculdadeguerra.edu.br\\\/novosite\\\/wp-content\\\/uploads\\\/2026\\\/04\\\/IMG_4909.jpg?fit=1241%2C682&ssl=1\",\"datePublished\":\"2026-04-30T11:47:54+00:00\",\"dateModified\":\"2026-04-30T11:49:52+00:00\",\"breadcrumb\":{\"@id\":\"https:\\\/\\\/faculdadeguerra.edu.br\\\/novosite\\\/educacao-que-liberta-faculdade-guerra-e-seape-fortalecem-a-ressocializacao-no-sistema-prisional-do-df\\\/#breadcrumb\"},\"inLanguage\":\"pt-BR\",\"potentialAction\":[{\"@type\":\"ReadAction\",\"target\":[\"https:\\\/\\\/faculdadeguerra.edu.br\\\/novosite\\\/educacao-que-liberta-faculdade-guerra-e-seape-fortalecem-a-ressocializacao-no-sistema-prisional-do-df\\\/\"]}]},{\"@type\":\"ImageObject\",\"inLanguage\":\"pt-BR\",\"@id\":\"https:\\\/\\\/faculdadeguerra.edu.br\\\/novosite\\\/educacao-que-liberta-faculdade-guerra-e-seape-fortalecem-a-ressocializacao-no-sistema-prisional-do-df\\\/#primaryimage\",\"url\":\"https:\\\/\\\/i0.wp.com\\\/faculdadeguerra.edu.br\\\/novosite\\\/wp-content\\\/uploads\\\/2026\\\/04\\\/IMG_4909.jpg?fit=1241%2C682&ssl=1\",\"contentUrl\":\"https:\\\/\\\/i0.wp.com\\\/faculdadeguerra.edu.br\\\/novosite\\\/wp-content\\\/uploads\\\/2026\\\/04\\\/IMG_4909.jpg?fit=1241%2C682&ssl=1\",\"width\":1241,\"height\":682,\"caption\":\"Screenshot\"},{\"@type\":\"BreadcrumbList\",\"@id\":\"https:\\\/\\\/faculdadeguerra.edu.br\\\/novosite\\\/educacao-que-liberta-faculdade-guerra-e-seape-fortalecem-a-ressocializacao-no-sistema-prisional-do-df\\\/#breadcrumb\",\"itemListElement\":[{\"@type\":\"ListItem\",\"position\":1,\"name\":\"In\u00edcio\",\"item\":\"https:\\\/\\\/faculdadeguerra.edu.br\\\/novosite\\\/\"},{\"@type\":\"ListItem\",\"position\":2,\"name\":\"EDUCA\u00c7\u00c3O QUE LIBERTA: FACULDADE GUERRA E SEAPE FORTALECEM A RESSOCIALIZA\u00c7\u00c3O NO SISTEMA PRISIONAL DO DF\"}]},{\"@type\":\"WebSite\",\"@id\":\"https:\\\/\\\/faculdadeguerra.edu.br\\\/novosite\\\/#website\",\"url\":\"https:\\\/\\\/faculdadeguerra.edu.br\\\/novosite\\\/\",\"name\":\"Faculdade Guerra\",\"description\":\"Faculdade Guerra: Excel\u00eancia acad\u00eamica em Direito e Seguran\u00e7a P\u00fablica. Gradua\u00e7\u00e3o, P\u00f3s-Gradua\u00e7\u00e3o e cursos t\u00e9cnicos com infraestrutura moderna e corpo docente renomado. Transforme sua carreira!\",\"publisher\":{\"@id\":\"https:\\\/\\\/faculdadeguerra.edu.br\\\/novosite\\\/#organization\"},\"potentialAction\":[{\"@type\":\"SearchAction\",\"target\":{\"@type\":\"EntryPoint\",\"urlTemplate\":\"https:\\\/\\\/faculdadeguerra.edu.br\\\/novosite\\\/?s={search_term_string}\"},\"query-input\":{\"@type\":\"PropertyValueSpecification\",\"valueRequired\":true,\"valueName\":\"search_term_string\"}}],\"inLanguage\":\"pt-BR\"},{\"@type\":\"Organization\",\"@id\":\"https:\\\/\\\/faculdadeguerra.edu.br\\\/novosite\\\/#organization\",\"name\":\"Faculdade Guerra\",\"url\":\"https:\\\/\\\/faculdadeguerra.edu.br\\\/novosite\\\/\",\"logo\":{\"@type\":\"ImageObject\",\"inLanguage\":\"pt-BR\",\"@id\":\"https:\\\/\\\/faculdadeguerra.edu.br\\\/novosite\\\/#\\\/schema\\\/logo\\\/image\\\/\",\"url\":\"https:\\\/\\\/i0.wp.com\\\/faculdadeguerra.edu.br\\\/novosite\\\/wp-content\\\/uploads\\\/2025\\\/03\\\/logo.png?fit=2091%2C578&ssl=1\",\"contentUrl\":\"https:\\\/\\\/i0.wp.com\\\/faculdadeguerra.edu.br\\\/novosite\\\/wp-content\\\/uploads\\\/2025\\\/03\\\/logo.png?fit=2091%2C578&ssl=1\",\"width\":2091,\"height\":578,\"caption\":\"Faculdade Guerra\"},\"image\":{\"@id\":\"https:\\\/\\\/faculdadeguerra.edu.br\\\/novosite\\\/#\\\/schema\\\/logo\\\/image\\\/\"}},{\"@type\":\"Person\",\"@id\":\"https:\\\/\\\/faculdadeguerra.edu.br\\\/novosite\\\/#\\\/schema\\\/person\\\/f91628e3b406ec9f0b0e99b1352d7ecc\",\"name\":\"Conrado Conrado Vitali\",\"image\":{\"@type\":\"ImageObject\",\"inLanguage\":\"pt-BR\",\"@id\":\"https:\\\/\\\/secure.gravatar.com\\\/avatar\\\/aeec7634f044d3fa787d458257d52bc6e8a9f3a10639a944291e8f741f45e417?s=96&d=mm&r=g\",\"url\":\"https:\\\/\\\/secure.gravatar.com\\\/avatar\\\/aeec7634f044d3fa787d458257d52bc6e8a9f3a10639a944291e8f741f45e417?s=96&d=mm&r=g\",\"contentUrl\":\"https:\\\/\\\/secure.gravatar.com\\\/avatar\\\/aeec7634f044d3fa787d458257d52bc6e8a9f3a10639a944291e8f741f45e417?s=96&d=mm&r=g\",\"caption\":\"Conrado Conrado Vitali\"},\"url\":\"https:\\\/\\\/faculdadeguerra.edu.br\\\/novosite\\\/author\\\/conrado-vitali\\\/\"}]}<\/script>\n<!-- \/ Yoast SEO plugin. -->","yoast_head_json":{"title":"EDUCA\u00c7\u00c3O QUE LIBERTA: FACULDADE GUERRA E SEAPE FORTALECEM A RESSOCIALIZA\u00c7\u00c3O NO SISTEMA PRISIONAL DO DF - Faculdade Guerra","robots":{"index":"index","follow":"follow","max-snippet":"max-snippet:-1","max-image-preview":"max-image-preview:large","max-video-preview":"max-video-preview:-1"},"canonical":"https:\/\/faculdadeguerra.edu.br\/novosite\/educacao-que-liberta-faculdade-guerra-e-seape-fortalecem-a-ressocializacao-no-sistema-prisional-do-df\/","og_locale":"pt_BR","og_type":"article","og_title":"EDUCA\u00c7\u00c3O QUE LIBERTA: FACULDADE GUERRA E SEAPE FORTALECEM A RESSOCIALIZA\u00c7\u00c3O NO SISTEMA PRISIONAL DO DF - Faculdade Guerra","og_description":"A cada 180 horas de estudo, reeducandos diminuem suas penas em 15 dias. A&nbsp;Faculdade Guerra, em Bras\u00edlia, mant\u00e9m uma&nbsp;&nbsp;parceria institucional estrat\u00e9gica com a&nbsp;Secretaria de Estado de Administra\u00e7\u00e3o Penitenci\u00e1ria do Distrito Federal (SEAPE)&nbsp;que se consolida como um dos mais relevantes exemplos de integra\u00e7\u00e3o entre educa\u00e7\u00e3o e pol\u00edticas p\u00fablicas de seguran\u00e7a e cidadania. Por meio de conv\u00eanio [&hellip;]","og_url":"https:\/\/faculdadeguerra.edu.br\/novosite\/educacao-que-liberta-faculdade-guerra-e-seape-fortalecem-a-ressocializacao-no-sistema-prisional-do-df\/","og_site_name":"Faculdade Guerra","article_published_time":"2026-04-30T11:47:54+00:00","article_modified_time":"2026-04-30T11:49:52+00:00","og_image":[{"width":1241,"height":682,"url":"https:\/\/faculdadeguerra.edu.br\/novosite\/wp-content\/uploads\/2026\/04\/IMG_4909.jpg","type":"image\/jpeg"}],"author":"Conrado Conrado Vitali","twitter_card":"summary_large_image","twitter_misc":{"Escrito por":"Conrado Conrado Vitali","Est. tempo de leitura":"5 minutos"},"schema":{"@context":"https:\/\/schema.org","@graph":[{"@type":"Article","@id":"https:\/\/faculdadeguerra.edu.br\/novosite\/educacao-que-liberta-faculdade-guerra-e-seape-fortalecem-a-ressocializacao-no-sistema-prisional-do-df\/#article","isPartOf":{"@id":"https:\/\/faculdadeguerra.edu.br\/novosite\/educacao-que-liberta-faculdade-guerra-e-seape-fortalecem-a-ressocializacao-no-sistema-prisional-do-df\/"},"author":{"name":"Conrado Conrado Vitali","@id":"https:\/\/faculdadeguerra.edu.br\/novosite\/#\/schema\/person\/f91628e3b406ec9f0b0e99b1352d7ecc"},"headline":"EDUCA\u00c7\u00c3O QUE LIBERTA: FACULDADE GUERRA E SEAPE FORTALECEM A RESSOCIALIZA\u00c7\u00c3O NO SISTEMA PRISIONAL DO DF","datePublished":"2026-04-30T11:47:54+00:00","dateModified":"2026-04-30T11:49:52+00:00","mainEntityOfPage":{"@id":"https:\/\/faculdadeguerra.edu.br\/novosite\/educacao-que-liberta-faculdade-guerra-e-seape-fortalecem-a-ressocializacao-no-sistema-prisional-do-df\/"},"wordCount":906,"publisher":{"@id":"https:\/\/faculdadeguerra.edu.br\/novosite\/#organization"},"image":{"@id":"https:\/\/faculdadeguerra.edu.br\/novosite\/educacao-que-liberta-faculdade-guerra-e-seape-fortalecem-a-ressocializacao-no-sistema-prisional-do-df\/#primaryimage"},"thumbnailUrl":"https:\/\/i0.wp.com\/faculdadeguerra.edu.br\/novosite\/wp-content\/uploads\/2026\/04\/IMG_4909.jpg?fit=1241%2C682&ssl=1","keywords":["Destaque 30\/04\/206"],"articleSection":["Sistema Prisional"],"inLanguage":"pt-BR"},{"@type":"WebPage","@id":"https:\/\/faculdadeguerra.edu.br\/novosite\/educacao-que-liberta-faculdade-guerra-e-seape-fortalecem-a-ressocializacao-no-sistema-prisional-do-df\/","url":"https:\/\/faculdadeguerra.edu.br\/novosite\/educacao-que-liberta-faculdade-guerra-e-seape-fortalecem-a-ressocializacao-no-sistema-prisional-do-df\/","name":"EDUCA\u00c7\u00c3O QUE LIBERTA: FACULDADE GUERRA E SEAPE FORTALECEM A RESSOCIALIZA\u00c7\u00c3O NO SISTEMA PRISIONAL DO DF - Faculdade Guerra","isPartOf":{"@id":"https:\/\/faculdadeguerra.edu.br\/novosite\/#website"},"primaryImageOfPage":{"@id":"https:\/\/faculdadeguerra.edu.br\/novosite\/educacao-que-liberta-faculdade-guerra-e-seape-fortalecem-a-ressocializacao-no-sistema-prisional-do-df\/#primaryimage"},"image":{"@id":"https:\/\/faculdadeguerra.edu.br\/novosite\/educacao-que-liberta-faculdade-guerra-e-seape-fortalecem-a-ressocializacao-no-sistema-prisional-do-df\/#primaryimage"},"thumbnailUrl":"https:\/\/i0.wp.com\/faculdadeguerra.edu.br\/novosite\/wp-content\/uploads\/2026\/04\/IMG_4909.jpg?fit=1241%2C682&ssl=1","datePublished":"2026-04-30T11:47:54+00:00","dateModified":"2026-04-30T11:49:52+00:00","breadcrumb":{"@id":"https:\/\/faculdadeguerra.edu.br\/novosite\/educacao-que-liberta-faculdade-guerra-e-seape-fortalecem-a-ressocializacao-no-sistema-prisional-do-df\/#breadcrumb"},"inLanguage":"pt-BR","potentialAction":[{"@type":"ReadAction","target":["https:\/\/faculdadeguerra.edu.br\/novosite\/educacao-que-liberta-faculdade-guerra-e-seape-fortalecem-a-ressocializacao-no-sistema-prisional-do-df\/"]}]},{"@type":"ImageObject","inLanguage":"pt-BR","@id":"https:\/\/faculdadeguerra.edu.br\/novosite\/educacao-que-liberta-faculdade-guerra-e-seape-fortalecem-a-ressocializacao-no-sistema-prisional-do-df\/#primaryimage","url":"https:\/\/i0.wp.com\/faculdadeguerra.edu.br\/novosite\/wp-content\/uploads\/2026\/04\/IMG_4909.jpg?fit=1241%2C682&ssl=1","contentUrl":"https:\/\/i0.wp.com\/faculdadeguerra.edu.br\/novosite\/wp-content\/uploads\/2026\/04\/IMG_4909.jpg?fit=1241%2C682&ssl=1","width":1241,"height":682,"caption":"Screenshot"},{"@type":"BreadcrumbList","@id":"https:\/\/faculdadeguerra.edu.br\/novosite\/educacao-que-liberta-faculdade-guerra-e-seape-fortalecem-a-ressocializacao-no-sistema-prisional-do-df\/#breadcrumb","itemListElement":[{"@type":"ListItem","position":1,"name":"In\u00edcio","item":"https:\/\/faculdadeguerra.edu.br\/novosite\/"},{"@type":"ListItem","position":2,"name":"EDUCA\u00c7\u00c3O QUE LIBERTA: FACULDADE GUERRA E SEAPE FORTALECEM A RESSOCIALIZA\u00c7\u00c3O NO SISTEMA PRISIONAL DO DF"}]},{"@type":"WebSite","@id":"https:\/\/faculdadeguerra.edu.br\/novosite\/#website","url":"https:\/\/faculdadeguerra.edu.br\/novosite\/","name":"Faculdade Guerra","description":"Faculdade Guerra: Excel\u00eancia acad\u00eamica em Direito e Seguran\u00e7a P\u00fablica. Gradua\u00e7\u00e3o, P\u00f3s-Gradua\u00e7\u00e3o e cursos t\u00e9cnicos com infraestrutura moderna e corpo docente renomado. Transforme sua carreira!","publisher":{"@id":"https:\/\/faculdadeguerra.edu.br\/novosite\/#organization"},"potentialAction":[{"@type":"SearchAction","target":{"@type":"EntryPoint","urlTemplate":"https:\/\/faculdadeguerra.edu.br\/novosite\/?s={search_term_string}"},"query-input":{"@type":"PropertyValueSpecification","valueRequired":true,"valueName":"search_term_string"}}],"inLanguage":"pt-BR"},{"@type":"Organization","@id":"https:\/\/faculdadeguerra.edu.br\/novosite\/#organization","name":"Faculdade Guerra","url":"https:\/\/faculdadeguerra.edu.br\/novosite\/","logo":{"@type":"ImageObject","inLanguage":"pt-BR","@id":"https:\/\/faculdadeguerra.edu.br\/novosite\/#\/schema\/logo\/image\/","url":"https:\/\/i0.wp.com\/faculdadeguerra.edu.br\/novosite\/wp-content\/uploads\/2025\/03\/logo.png?fit=2091%2C578&ssl=1","contentUrl":"https:\/\/i0.wp.com\/faculdadeguerra.edu.br\/novosite\/wp-content\/uploads\/2025\/03\/logo.png?fit=2091%2C578&ssl=1","width":2091,"height":578,"caption":"Faculdade Guerra"},"image":{"@id":"https:\/\/faculdadeguerra.edu.br\/novosite\/#\/schema\/logo\/image\/"}},{"@type":"Person","@id":"https:\/\/faculdadeguerra.edu.br\/novosite\/#\/schema\/person\/f91628e3b406ec9f0b0e99b1352d7ecc","name":"Conrado Conrado Vitali","image":{"@type":"ImageObject","inLanguage":"pt-BR","@id":"https:\/\/secure.gravatar.com\/avatar\/aeec7634f044d3fa787d458257d52bc6e8a9f3a10639a944291e8f741f45e417?s=96&d=mm&r=g","url":"https:\/\/secure.gravatar.com\/avatar\/aeec7634f044d3fa787d458257d52bc6e8a9f3a10639a944291e8f741f45e417?s=96&d=mm&r=g","contentUrl":"https:\/\/secure.gravatar.com\/avatar\/aeec7634f044d3fa787d458257d52bc6e8a9f3a10639a944291e8f741f45e417?s=96&d=mm&r=g","caption":"Conrado Conrado Vitali"},"url":"https:\/\/faculdadeguerra.edu.br\/novosite\/author\/conrado-vitali\/"}]}},"jetpack_featured_media_url":"https:\/\/i0.wp.com\/faculdadeguerra.edu.br\/novosite\/wp-content\/uploads\/2026\/04\/IMG_4909.jpg?fit=1241%2C682&ssl=1","jetpack_sharing_enabled":true,"_links":{"self":[{"href":"https:\/\/faculdadeguerra.edu.br\/novosite\/wp-json\/wp\/v2\/posts\/4550","targetHints":{"allow":["GET"]}}],"collection":[{"href":"https:\/\/faculdadeguerra.edu.br\/novosite\/wp-json\/wp\/v2\/posts"}],"about":[{"href":"https:\/\/faculdadeguerra.edu.br\/novosite\/wp-json\/wp\/v2\/types\/post"}],"author":[{"embeddable":true,"href":"https:\/\/faculdadeguerra.edu.br\/novosite\/wp-json\/wp\/v2\/users\/2"}],"replies":[{"embeddable":true,"href":"https:\/\/faculdadeguerra.edu.br\/novosite\/wp-json\/wp\/v2\/comments?post=4550"}],"version-history":[{"count":2,"href":"https:\/\/faculdadeguerra.edu.br\/novosite\/wp-json\/wp\/v2\/posts\/4550\/revisions"}],"predecessor-version":[{"id":4555,"href":"https:\/\/faculdadeguerra.edu.br\/novosite\/wp-json\/wp\/v2\/posts\/4550\/revisions\/4555"}],"wp:featuredmedia":[{"embeddable":true,"href":"https:\/\/faculdadeguerra.edu.br\/novosite\/wp-json\/wp\/v2\/media\/4553"}],"wp:attachment":[{"href":"https:\/\/faculdadeguerra.edu.br\/novosite\/wp-json\/wp\/v2\/media?parent=4550"}],"wp:term":[{"taxonomy":"category","embeddable":true,"href":"https:\/\/faculdadeguerra.edu.br\/novosite\/wp-json\/wp\/v2\/categories?post=4550"},{"taxonomy":"post_tag","embeddable":true,"href":"https:\/\/faculdadeguerra.edu.br\/novosite\/wp-json\/wp\/v2\/tags?post=4550"}],"curies":[{"name":"wp","href":"https:\/\/api.w.org\/{rel}","templated":true}]}}