{"id":4535,"date":"2026-04-28T06:34:40","date_gmt":"2026-04-28T09:34:40","guid":{"rendered":"https:\/\/faculdadeguerra.edu.br\/novosite\/?p=4535"},"modified":"2026-04-28T06:37:33","modified_gmt":"2026-04-28T09:37:33","slug":"semana-juridica-2026-da-faculdade-guerra-aposta-em-integracao-com-grande-evento-nacional-do-direito","status":"publish","type":"post","link":"https:\/\/faculdadeguerra.edu.br\/novosite\/semana-juridica-2026-da-faculdade-guerra-aposta-em-integracao-com-grande-evento-nacional-do-direito\/","title":{"rendered":"SEMANA JUR\u00cdDICA 2026 DA FACULDADE GUERRA APOSTA EM\u00a0\u00a0INTEGRA\u00c7\u00c3O COM GRANDE EVENTO NACIONAL DO DIREITO"},"content":{"rendered":"\n<p><strong><em>Conhecimento que transforma; experi\u00eancias que conectam.<\/em><\/strong><\/p>\n\n\n\n<p>A Faculdade Guerra prepara, para o m\u00eas de maio, uma edi\u00e7\u00e3o estrat\u00e9gica e inovadora de sua tradicional Semana Jur\u00eddica. Em 2026, o evento assume um formato h\u00edbrido \u2014 combinando atividades presenciais na institui\u00e7\u00e3o com uma imers\u00e3o pr\u00e1tica em um dos maiores encontros jur\u00eddicos do pa\u00eds \u2014, consolidando uma proposta pedag\u00f3gica que ultrapassa os limites da sala de aula e conecta os estudantes diretamente aos debates contempor\u00e2neos do Direito.<\/p>\n\n\n\n<p>A programa\u00e7\u00e3o est\u00e1 estruturada em tr\u00eas dias distintos e complementares. Nos dias&nbsp;<strong>27 e 28 de maio<\/strong>, as atividades ser\u00e3o realizadas nas depend\u00eancias da pr\u00f3pria Faculdade Guerra, em um ambiente acad\u00eamico preparado para receber palestras, pain\u00e9is tem\u00e1ticos e discuss\u00f5es conduzidas por professores, especialistas e convidados com reconhecida atua\u00e7\u00e3o no meio jur\u00eddico. Esses dois primeiros dias funcionam como eixo te\u00f3rico e reflexivo do evento, promovendo o aprofundamento de temas relevantes e atuais do Direito, sempre com foco na forma\u00e7\u00e3o cr\u00edtica dos alunos.<\/p>\n\n\n\n<p><strong>Integra\u00e7\u00e3o com a ExpoDireito2026<\/strong><\/p>\n\n\n\n<p>O grande diferencial desta edi\u00e7\u00e3o, no entanto, est\u00e1 reservado para o&nbsp;<strong>dia 29 de maio<\/strong>. Nesta data, a Semana Jur\u00eddica se desloca para fora da institui\u00e7\u00e3o e ganha dimens\u00e3o ampliada: os alunos devidamente inscritos participar\u00e3o de uma atividade externa no&nbsp;<strong>Centro Internacional de Conven\u00e7\u00f5es do Brasil (CICB)<\/strong>, em Bras\u00edlia, onde ocorrer\u00e1 a&nbsp;<strong>ExpoDireito 2026<\/strong>&nbsp;\u2014 evento que re\u00fane profissionais, acad\u00eamicos, autoridades e empresas do setor jur\u00eddico em um ambiente de networking, inova\u00e7\u00e3o e atualiza\u00e7\u00e3o profissional.<\/p>\n\n\n\n<figure class=\"wp-block-image size-large\"><img data-recalc-dims=\"1\" fetchpriority=\"high\" decoding=\"async\" width=\"800\" height=\"534\" src=\"https:\/\/i0.wp.com\/faculdadeguerra.edu.br\/novosite\/wp-content\/uploads\/2026\/04\/ChatGPT-Image-28-de-abr.-de-2026-06_16_13-1.jpg?resize=800%2C534&#038;ssl=1\" alt=\"\" class=\"wp-image-4537\" srcset=\"https:\/\/i0.wp.com\/faculdadeguerra.edu.br\/novosite\/wp-content\/uploads\/2026\/04\/ChatGPT-Image-28-de-abr.-de-2026-06_16_13-1.jpg?resize=1024%2C683&amp;ssl=1 1024w, https:\/\/i0.wp.com\/faculdadeguerra.edu.br\/novosite\/wp-content\/uploads\/2026\/04\/ChatGPT-Image-28-de-abr.-de-2026-06_16_13-1.jpg?resize=300%2C200&amp;ssl=1 300w, https:\/\/i0.wp.com\/faculdadeguerra.edu.br\/novosite\/wp-content\/uploads\/2026\/04\/ChatGPT-Image-28-de-abr.-de-2026-06_16_13-1.jpg?resize=768%2C512&amp;ssl=1 768w, https:\/\/i0.wp.com\/faculdadeguerra.edu.br\/novosite\/wp-content\/uploads\/2026\/04\/ChatGPT-Image-28-de-abr.-de-2026-06_16_13-1.jpg?w=1536&amp;ssl=1 1536w\" sizes=\"(max-width: 800px) 100vw, 800px\" \/><\/figure>\n\n\n\n<p>A proposta de integrar a programa\u00e7\u00e3o da Semana Jur\u00eddica a um evento de grande porte como a ExpoDireito revela uma diretriz clara da Faculdade Guerra: alinhar teoria e pr\u00e1tica, aproximando os estudantes da realidade din\u00e2mica do mercado jur\u00eddico. Ao vivenciarem esse ambiente, os alunos t\u00eam a oportunidade de observar tend\u00eancias, estabelecer contatos e compreender, de forma concreta, os desafios e as transforma\u00e7\u00f5es que impactam a atua\u00e7\u00e3o profissional no Direito contempor\u00e2neo.<\/p>\n\n\n\n<p>Mais do que uma simples sequ\u00eancia de palestras, a Semana Jur\u00eddica 2026 se apresenta como uma experi\u00eancia formativa completa. <strong>O modelo h\u00edbrido permite que os estudantes transitem entre o espa\u00e7o acad\u00eamico tradicional \u2014 onde se consolidam fundamentos te\u00f3ricos \u2014 e o ambiente externo \u2014 onde esses mesmos fundamentos s\u00e3o confrontados com a pr\u00e1tica, a inova\u00e7\u00e3o e as exig\u00eancias do mundo real.<\/strong><\/p>\n\n\n\n<p>A iniciativa tamb\u00e9m dialoga com uma concep\u00e7\u00e3o moderna de ensino jur\u00eddico, que reconhece a necessidade de formar profissionais n\u00e3o apenas tecnicamente qualificados, mas tamb\u00e9m preparados para atuar em contextos complexos e em constante transforma\u00e7\u00e3o. Nesse sentido, a Faculdade Guerra reafirma seu compromisso com uma educa\u00e7\u00e3o jur\u00eddica conectada ao presente e orientada para o futuro.<\/p>\n\n\n\n<p><strong>Com essa estrutura, a Semana Jur\u00eddica 2026 n\u00e3o apenas refor\u00e7a a tradi\u00e7\u00e3o do evento dentro da institui\u00e7\u00e3o, mas tamb\u00e9m eleva seu alcance e relev\u00e2ncia, posicionando-se como um espa\u00e7o privilegiado de forma\u00e7\u00e3o, atualiza\u00e7\u00e3o e integra\u00e7\u00e3o entre academia e mercado.<\/strong><\/p>\n\n\n\n<p><\/p>\n","protected":false},"excerpt":{"rendered":"<p>Conhecimento que transforma; experi\u00eancias que conectam. A Faculdade Guerra prepara, para o m\u00eas de maio, uma edi\u00e7\u00e3o estrat\u00e9gica e inovadora de sua tradicional Semana Jur\u00eddica. Em 2026, o evento assume um formato h\u00edbrido \u2014 combinando atividades presenciais na institui\u00e7\u00e3o com uma imers\u00e3o pr\u00e1tica em um dos maiores encontros jur\u00eddicos do pa\u00eds \u2014, consolidando uma proposta [&hellip;]<\/p>\n","protected":false},"author":2,"featured_media":4533,"comment_status":"closed","ping_status":"open","sticky":false,"template":"","format":"standard","meta":{"_jetpack_memberships_contains_paid_content":false,"_joinchat":[],"footnotes":""},"categories":[48],"tags":[264],"class_list":["post-4535","post","type-post","status-publish","format-standard","has-post-thumbnail","hentry","category-eventos","tag-destaque-28-04-2026"],"yoast_head":"<!-- This site is optimized with the Yoast SEO plugin v27.5 - https:\/\/yoast.com\/product\/yoast-seo-wordpress\/ -->\n<title>SEMANA JUR\u00cdDICA 2026 DA FACULDADE GUERRA APOSTA EM\u00a0\u00a0INTEGRA\u00c7\u00c3O COM GRANDE EVENTO NACIONAL DO DIREITO - Faculdade Guerra<\/title>\n<meta name=\"robots\" content=\"index, follow, max-snippet:-1, max-image-preview:large, max-video-preview:-1\" \/>\n<link rel=\"canonical\" href=\"https:\/\/faculdadeguerra.edu.br\/novosite\/semana-juridica-2026-da-faculdade-guerra-aposta-em-integracao-com-grande-evento-nacional-do-direito\/\" \/>\n<meta property=\"og:locale\" content=\"pt_BR\" \/>\n<meta property=\"og:type\" content=\"article\" \/>\n<meta property=\"og:title\" content=\"SEMANA JUR\u00cdDICA 2026 DA FACULDADE GUERRA APOSTA EM\u00a0\u00a0INTEGRA\u00c7\u00c3O COM GRANDE EVENTO NACIONAL DO DIREITO - Faculdade Guerra\" \/>\n<meta property=\"og:description\" content=\"Conhecimento que transforma; experi\u00eancias que conectam. A Faculdade Guerra prepara, para o m\u00eas de maio, uma edi\u00e7\u00e3o estrat\u00e9gica e inovadora de sua tradicional Semana Jur\u00eddica. Em 2026, o evento assume um formato h\u00edbrido \u2014 combinando atividades presenciais na institui\u00e7\u00e3o com uma imers\u00e3o pr\u00e1tica em um dos maiores encontros jur\u00eddicos do pa\u00eds \u2014, consolidando uma proposta [&hellip;]\" \/>\n<meta property=\"og:url\" content=\"https:\/\/faculdadeguerra.edu.br\/novosite\/semana-juridica-2026-da-faculdade-guerra-aposta-em-integracao-com-grande-evento-nacional-do-direito\/\" \/>\n<meta property=\"og:site_name\" content=\"Faculdade Guerra\" \/>\n<meta property=\"article:published_time\" content=\"2026-04-28T09:34:40+00:00\" \/>\n<meta property=\"article:modified_time\" content=\"2026-04-28T09:37:33+00:00\" \/>\n<meta property=\"og:image\" content=\"https:\/\/faculdadeguerra.edu.br\/novosite\/wp-content\/uploads\/2026\/04\/ChatGPT-Image-28-de-abr.-de-2026-06_09_47.jpg\" \/>\n\t<meta property=\"og:image:width\" content=\"1536\" \/>\n\t<meta property=\"og:image:height\" content=\"1024\" \/>\n\t<meta property=\"og:image:type\" content=\"image\/jpeg\" \/>\n<meta name=\"author\" content=\"Conrado Conrado Vitali\" \/>\n<meta name=\"twitter:card\" content=\"summary_large_image\" \/>\n<meta name=\"twitter:label1\" content=\"Escrito por\" \/>\n\t<meta name=\"twitter:data1\" content=\"Conrado Conrado Vitali\" \/>\n\t<meta name=\"twitter:label2\" content=\"Est. tempo de leitura\" \/>\n\t<meta name=\"twitter:data2\" content=\"3 minutos\" \/>\n<script type=\"application\/ld+json\" class=\"yoast-schema-graph\">{\"@context\":\"https:\\\/\\\/schema.org\",\"@graph\":[{\"@type\":\"Article\",\"@id\":\"https:\\\/\\\/faculdadeguerra.edu.br\\\/novosite\\\/semana-juridica-2026-da-faculdade-guerra-aposta-em-integracao-com-grande-evento-nacional-do-direito\\\/#article\",\"isPartOf\":{\"@id\":\"https:\\\/\\\/faculdadeguerra.edu.br\\\/novosite\\\/semana-juridica-2026-da-faculdade-guerra-aposta-em-integracao-com-grande-evento-nacional-do-direito\\\/\"},\"author\":{\"name\":\"Conrado Conrado Vitali\",\"@id\":\"https:\\\/\\\/faculdadeguerra.edu.br\\\/novosite\\\/#\\\/schema\\\/person\\\/f91628e3b406ec9f0b0e99b1352d7ecc\"},\"headline\":\"SEMANA JUR\u00cdDICA 2026 DA FACULDADE GUERRA APOSTA EM\u00a0\u00a0INTEGRA\u00c7\u00c3O COM GRANDE EVENTO NACIONAL DO DIREITO\",\"datePublished\":\"2026-04-28T09:34:40+00:00\",\"dateModified\":\"2026-04-28T09:37:33+00:00\",\"mainEntityOfPage\":{\"@id\":\"https:\\\/\\\/faculdadeguerra.edu.br\\\/novosite\\\/semana-juridica-2026-da-faculdade-guerra-aposta-em-integracao-com-grande-evento-nacional-do-direito\\\/\"},\"wordCount\":545,\"publisher\":{\"@id\":\"https:\\\/\\\/faculdadeguerra.edu.br\\\/novosite\\\/#organization\"},\"image\":{\"@id\":\"https:\\\/\\\/faculdadeguerra.edu.br\\\/novosite\\\/semana-juridica-2026-da-faculdade-guerra-aposta-em-integracao-com-grande-evento-nacional-do-direito\\\/#primaryimage\"},\"thumbnailUrl\":\"https:\\\/\\\/i0.wp.com\\\/faculdadeguerra.edu.br\\\/novosite\\\/wp-content\\\/uploads\\\/2026\\\/04\\\/ChatGPT-Image-28-de-abr.-de-2026-06_09_47.jpg?fit=1536%2C1024&ssl=1\",\"keywords\":[\"Destaque 28\\\/04\\\/2026\"],\"articleSection\":[\"Eventos\"],\"inLanguage\":\"pt-BR\"},{\"@type\":\"WebPage\",\"@id\":\"https:\\\/\\\/faculdadeguerra.edu.br\\\/novosite\\\/semana-juridica-2026-da-faculdade-guerra-aposta-em-integracao-com-grande-evento-nacional-do-direito\\\/\",\"url\":\"https:\\\/\\\/faculdadeguerra.edu.br\\\/novosite\\\/semana-juridica-2026-da-faculdade-guerra-aposta-em-integracao-com-grande-evento-nacional-do-direito\\\/\",\"name\":\"SEMANA JUR\u00cdDICA 2026 DA FACULDADE GUERRA APOSTA EM\u00a0\u00a0INTEGRA\u00c7\u00c3O COM GRANDE EVENTO NACIONAL DO DIREITO - Faculdade Guerra\",\"isPartOf\":{\"@id\":\"https:\\\/\\\/faculdadeguerra.edu.br\\\/novosite\\\/#website\"},\"primaryImageOfPage\":{\"@id\":\"https:\\\/\\\/faculdadeguerra.edu.br\\\/novosite\\\/semana-juridica-2026-da-faculdade-guerra-aposta-em-integracao-com-grande-evento-nacional-do-direito\\\/#primaryimage\"},\"image\":{\"@id\":\"https:\\\/\\\/faculdadeguerra.edu.br\\\/novosite\\\/semana-juridica-2026-da-faculdade-guerra-aposta-em-integracao-com-grande-evento-nacional-do-direito\\\/#primaryimage\"},\"thumbnailUrl\":\"https:\\\/\\\/i0.wp.com\\\/faculdadeguerra.edu.br\\\/novosite\\\/wp-content\\\/uploads\\\/2026\\\/04\\\/ChatGPT-Image-28-de-abr.-de-2026-06_09_47.jpg?fit=1536%2C1024&ssl=1\",\"datePublished\":\"2026-04-28T09:34:40+00:00\",\"dateModified\":\"2026-04-28T09:37:33+00:00\",\"breadcrumb\":{\"@id\":\"https:\\\/\\\/faculdadeguerra.edu.br\\\/novosite\\\/semana-juridica-2026-da-faculdade-guerra-aposta-em-integracao-com-grande-evento-nacional-do-direito\\\/#breadcrumb\"},\"inLanguage\":\"pt-BR\",\"potentialAction\":[{\"@type\":\"ReadAction\",\"target\":[\"https:\\\/\\\/faculdadeguerra.edu.br\\\/novosite\\\/semana-juridica-2026-da-faculdade-guerra-aposta-em-integracao-com-grande-evento-nacional-do-direito\\\/\"]}]},{\"@type\":\"ImageObject\",\"inLanguage\":\"pt-BR\",\"@id\":\"https:\\\/\\\/faculdadeguerra.edu.br\\\/novosite\\\/semana-juridica-2026-da-faculdade-guerra-aposta-em-integracao-com-grande-evento-nacional-do-direito\\\/#primaryimage\",\"url\":\"https:\\\/\\\/i0.wp.com\\\/faculdadeguerra.edu.br\\\/novosite\\\/wp-content\\\/uploads\\\/2026\\\/04\\\/ChatGPT-Image-28-de-abr.-de-2026-06_09_47.jpg?fit=1536%2C1024&ssl=1\",\"contentUrl\":\"https:\\\/\\\/i0.wp.com\\\/faculdadeguerra.edu.br\\\/novosite\\\/wp-content\\\/uploads\\\/2026\\\/04\\\/ChatGPT-Image-28-de-abr.-de-2026-06_09_47.jpg?fit=1536%2C1024&ssl=1\",\"width\":1536,\"height\":1024},{\"@type\":\"BreadcrumbList\",\"@id\":\"https:\\\/\\\/faculdadeguerra.edu.br\\\/novosite\\\/semana-juridica-2026-da-faculdade-guerra-aposta-em-integracao-com-grande-evento-nacional-do-direito\\\/#breadcrumb\",\"itemListElement\":[{\"@type\":\"ListItem\",\"position\":1,\"name\":\"In\u00edcio\",\"item\":\"https:\\\/\\\/faculdadeguerra.edu.br\\\/novosite\\\/\"},{\"@type\":\"ListItem\",\"position\":2,\"name\":\"SEMANA JUR\u00cdDICA 2026 DA FACULDADE GUERRA APOSTA EM\u00a0\u00a0INTEGRA\u00c7\u00c3O COM GRANDE EVENTO NACIONAL DO DIREITO\"}]},{\"@type\":\"WebSite\",\"@id\":\"https:\\\/\\\/faculdadeguerra.edu.br\\\/novosite\\\/#website\",\"url\":\"https:\\\/\\\/faculdadeguerra.edu.br\\\/novosite\\\/\",\"name\":\"Faculdade Guerra\",\"description\":\"Faculdade Guerra: Excel\u00eancia acad\u00eamica em Direito e Seguran\u00e7a P\u00fablica. Gradua\u00e7\u00e3o, P\u00f3s-Gradua\u00e7\u00e3o e cursos t\u00e9cnicos com infraestrutura moderna e corpo docente renomado. Transforme sua carreira!\",\"publisher\":{\"@id\":\"https:\\\/\\\/faculdadeguerra.edu.br\\\/novosite\\\/#organization\"},\"potentialAction\":[{\"@type\":\"SearchAction\",\"target\":{\"@type\":\"EntryPoint\",\"urlTemplate\":\"https:\\\/\\\/faculdadeguerra.edu.br\\\/novosite\\\/?s={search_term_string}\"},\"query-input\":{\"@type\":\"PropertyValueSpecification\",\"valueRequired\":true,\"valueName\":\"search_term_string\"}}],\"inLanguage\":\"pt-BR\"},{\"@type\":\"Organization\",\"@id\":\"https:\\\/\\\/faculdadeguerra.edu.br\\\/novosite\\\/#organization\",\"name\":\"Faculdade Guerra\",\"url\":\"https:\\\/\\\/faculdadeguerra.edu.br\\\/novosite\\\/\",\"logo\":{\"@type\":\"ImageObject\",\"inLanguage\":\"pt-BR\",\"@id\":\"https:\\\/\\\/faculdadeguerra.edu.br\\\/novosite\\\/#\\\/schema\\\/logo\\\/image\\\/\",\"url\":\"https:\\\/\\\/i0.wp.com\\\/faculdadeguerra.edu.br\\\/novosite\\\/wp-content\\\/uploads\\\/2025\\\/03\\\/logo.png?fit=2091%2C578&ssl=1\",\"contentUrl\":\"https:\\\/\\\/i0.wp.com\\\/faculdadeguerra.edu.br\\\/novosite\\\/wp-content\\\/uploads\\\/2025\\\/03\\\/logo.png?fit=2091%2C578&ssl=1\",\"width\":2091,\"height\":578,\"caption\":\"Faculdade Guerra\"},\"image\":{\"@id\":\"https:\\\/\\\/faculdadeguerra.edu.br\\\/novosite\\\/#\\\/schema\\\/logo\\\/image\\\/\"}},{\"@type\":\"Person\",\"@id\":\"https:\\\/\\\/faculdadeguerra.edu.br\\\/novosite\\\/#\\\/schema\\\/person\\\/f91628e3b406ec9f0b0e99b1352d7ecc\",\"name\":\"Conrado Conrado Vitali\",\"image\":{\"@type\":\"ImageObject\",\"inLanguage\":\"pt-BR\",\"@id\":\"https:\\\/\\\/secure.gravatar.com\\\/avatar\\\/aeec7634f044d3fa787d458257d52bc6e8a9f3a10639a944291e8f741f45e417?s=96&d=mm&r=g\",\"url\":\"https:\\\/\\\/secure.gravatar.com\\\/avatar\\\/aeec7634f044d3fa787d458257d52bc6e8a9f3a10639a944291e8f741f45e417?s=96&d=mm&r=g\",\"contentUrl\":\"https:\\\/\\\/secure.gravatar.com\\\/avatar\\\/aeec7634f044d3fa787d458257d52bc6e8a9f3a10639a944291e8f741f45e417?s=96&d=mm&r=g\",\"caption\":\"Conrado Conrado Vitali\"},\"url\":\"https:\\\/\\\/faculdadeguerra.edu.br\\\/novosite\\\/author\\\/conrado-vitali\\\/\"}]}<\/script>\n<!-- \/ Yoast SEO plugin. -->","yoast_head_json":{"title":"SEMANA JUR\u00cdDICA 2026 DA FACULDADE GUERRA APOSTA EM\u00a0\u00a0INTEGRA\u00c7\u00c3O COM GRANDE EVENTO NACIONAL DO DIREITO - Faculdade Guerra","robots":{"index":"index","follow":"follow","max-snippet":"max-snippet:-1","max-image-preview":"max-image-preview:large","max-video-preview":"max-video-preview:-1"},"canonical":"https:\/\/faculdadeguerra.edu.br\/novosite\/semana-juridica-2026-da-faculdade-guerra-aposta-em-integracao-com-grande-evento-nacional-do-direito\/","og_locale":"pt_BR","og_type":"article","og_title":"SEMANA JUR\u00cdDICA 2026 DA FACULDADE GUERRA APOSTA EM\u00a0\u00a0INTEGRA\u00c7\u00c3O COM GRANDE EVENTO NACIONAL DO DIREITO - Faculdade Guerra","og_description":"Conhecimento que transforma; experi\u00eancias que conectam. A Faculdade Guerra prepara, para o m\u00eas de maio, uma edi\u00e7\u00e3o estrat\u00e9gica e inovadora de sua tradicional Semana Jur\u00eddica. Em 2026, o evento assume um formato h\u00edbrido \u2014 combinando atividades presenciais na institui\u00e7\u00e3o com uma imers\u00e3o pr\u00e1tica em um dos maiores encontros jur\u00eddicos do pa\u00eds \u2014, consolidando uma proposta [&hellip;]","og_url":"https:\/\/faculdadeguerra.edu.br\/novosite\/semana-juridica-2026-da-faculdade-guerra-aposta-em-integracao-com-grande-evento-nacional-do-direito\/","og_site_name":"Faculdade Guerra","article_published_time":"2026-04-28T09:34:40+00:00","article_modified_time":"2026-04-28T09:37:33+00:00","og_image":[{"width":1536,"height":1024,"url":"https:\/\/faculdadeguerra.edu.br\/novosite\/wp-content\/uploads\/2026\/04\/ChatGPT-Image-28-de-abr.-de-2026-06_09_47.jpg","type":"image\/jpeg"}],"author":"Conrado Conrado Vitali","twitter_card":"summary_large_image","twitter_misc":{"Escrito por":"Conrado Conrado Vitali","Est. tempo de leitura":"3 minutos"},"schema":{"@context":"https:\/\/schema.org","@graph":[{"@type":"Article","@id":"https:\/\/faculdadeguerra.edu.br\/novosite\/semana-juridica-2026-da-faculdade-guerra-aposta-em-integracao-com-grande-evento-nacional-do-direito\/#article","isPartOf":{"@id":"https:\/\/faculdadeguerra.edu.br\/novosite\/semana-juridica-2026-da-faculdade-guerra-aposta-em-integracao-com-grande-evento-nacional-do-direito\/"},"author":{"name":"Conrado Conrado Vitali","@id":"https:\/\/faculdadeguerra.edu.br\/novosite\/#\/schema\/person\/f91628e3b406ec9f0b0e99b1352d7ecc"},"headline":"SEMANA JUR\u00cdDICA 2026 DA FACULDADE GUERRA APOSTA EM\u00a0\u00a0INTEGRA\u00c7\u00c3O COM GRANDE EVENTO NACIONAL DO DIREITO","datePublished":"2026-04-28T09:34:40+00:00","dateModified":"2026-04-28T09:37:33+00:00","mainEntityOfPage":{"@id":"https:\/\/faculdadeguerra.edu.br\/novosite\/semana-juridica-2026-da-faculdade-guerra-aposta-em-integracao-com-grande-evento-nacional-do-direito\/"},"wordCount":545,"publisher":{"@id":"https:\/\/faculdadeguerra.edu.br\/novosite\/#organization"},"image":{"@id":"https:\/\/faculdadeguerra.edu.br\/novosite\/semana-juridica-2026-da-faculdade-guerra-aposta-em-integracao-com-grande-evento-nacional-do-direito\/#primaryimage"},"thumbnailUrl":"https:\/\/i0.wp.com\/faculdadeguerra.edu.br\/novosite\/wp-content\/uploads\/2026\/04\/ChatGPT-Image-28-de-abr.-de-2026-06_09_47.jpg?fit=1536%2C1024&ssl=1","keywords":["Destaque 28\/04\/2026"],"articleSection":["Eventos"],"inLanguage":"pt-BR"},{"@type":"WebPage","@id":"https:\/\/faculdadeguerra.edu.br\/novosite\/semana-juridica-2026-da-faculdade-guerra-aposta-em-integracao-com-grande-evento-nacional-do-direito\/","url":"https:\/\/faculdadeguerra.edu.br\/novosite\/semana-juridica-2026-da-faculdade-guerra-aposta-em-integracao-com-grande-evento-nacional-do-direito\/","name":"SEMANA JUR\u00cdDICA 2026 DA FACULDADE GUERRA APOSTA EM\u00a0\u00a0INTEGRA\u00c7\u00c3O COM GRANDE EVENTO NACIONAL DO DIREITO - Faculdade Guerra","isPartOf":{"@id":"https:\/\/faculdadeguerra.edu.br\/novosite\/#website"},"primaryImageOfPage":{"@id":"https:\/\/faculdadeguerra.edu.br\/novosite\/semana-juridica-2026-da-faculdade-guerra-aposta-em-integracao-com-grande-evento-nacional-do-direito\/#primaryimage"},"image":{"@id":"https:\/\/faculdadeguerra.edu.br\/novosite\/semana-juridica-2026-da-faculdade-guerra-aposta-em-integracao-com-grande-evento-nacional-do-direito\/#primaryimage"},"thumbnailUrl":"https:\/\/i0.wp.com\/faculdadeguerra.edu.br\/novosite\/wp-content\/uploads\/2026\/04\/ChatGPT-Image-28-de-abr.-de-2026-06_09_47.jpg?fit=1536%2C1024&ssl=1","datePublished":"2026-04-28T09:34:40+00:00","dateModified":"2026-04-28T09:37:33+00:00","breadcrumb":{"@id":"https:\/\/faculdadeguerra.edu.br\/novosite\/semana-juridica-2026-da-faculdade-guerra-aposta-em-integracao-com-grande-evento-nacional-do-direito\/#breadcrumb"},"inLanguage":"pt-BR","potentialAction":[{"@type":"ReadAction","target":["https:\/\/faculdadeguerra.edu.br\/novosite\/semana-juridica-2026-da-faculdade-guerra-aposta-em-integracao-com-grande-evento-nacional-do-direito\/"]}]},{"@type":"ImageObject","inLanguage":"pt-BR","@id":"https:\/\/faculdadeguerra.edu.br\/novosite\/semana-juridica-2026-da-faculdade-guerra-aposta-em-integracao-com-grande-evento-nacional-do-direito\/#primaryimage","url":"https:\/\/i0.wp.com\/faculdadeguerra.edu.br\/novosite\/wp-content\/uploads\/2026\/04\/ChatGPT-Image-28-de-abr.-de-2026-06_09_47.jpg?fit=1536%2C1024&ssl=1","contentUrl":"https:\/\/i0.wp.com\/faculdadeguerra.edu.br\/novosite\/wp-content\/uploads\/2026\/04\/ChatGPT-Image-28-de-abr.-de-2026-06_09_47.jpg?fit=1536%2C1024&ssl=1","width":1536,"height":1024},{"@type":"BreadcrumbList","@id":"https:\/\/faculdadeguerra.edu.br\/novosite\/semana-juridica-2026-da-faculdade-guerra-aposta-em-integracao-com-grande-evento-nacional-do-direito\/#breadcrumb","itemListElement":[{"@type":"ListItem","position":1,"name":"In\u00edcio","item":"https:\/\/faculdadeguerra.edu.br\/novosite\/"},{"@type":"ListItem","position":2,"name":"SEMANA JUR\u00cdDICA 2026 DA FACULDADE GUERRA APOSTA EM\u00a0\u00a0INTEGRA\u00c7\u00c3O COM GRANDE EVENTO NACIONAL DO DIREITO"}]},{"@type":"WebSite","@id":"https:\/\/faculdadeguerra.edu.br\/novosite\/#website","url":"https:\/\/faculdadeguerra.edu.br\/novosite\/","name":"Faculdade Guerra","description":"Faculdade Guerra: Excel\u00eancia acad\u00eamica em Direito e Seguran\u00e7a P\u00fablica. Gradua\u00e7\u00e3o, P\u00f3s-Gradua\u00e7\u00e3o e cursos t\u00e9cnicos com infraestrutura moderna e corpo docente renomado. Transforme sua carreira!","publisher":{"@id":"https:\/\/faculdadeguerra.edu.br\/novosite\/#organization"},"potentialAction":[{"@type":"SearchAction","target":{"@type":"EntryPoint","urlTemplate":"https:\/\/faculdadeguerra.edu.br\/novosite\/?s={search_term_string}"},"query-input":{"@type":"PropertyValueSpecification","valueRequired":true,"valueName":"search_term_string"}}],"inLanguage":"pt-BR"},{"@type":"Organization","@id":"https:\/\/faculdadeguerra.edu.br\/novosite\/#organization","name":"Faculdade Guerra","url":"https:\/\/faculdadeguerra.edu.br\/novosite\/","logo":{"@type":"ImageObject","inLanguage":"pt-BR","@id":"https:\/\/faculdadeguerra.edu.br\/novosite\/#\/schema\/logo\/image\/","url":"https:\/\/i0.wp.com\/faculdadeguerra.edu.br\/novosite\/wp-content\/uploads\/2025\/03\/logo.png?fit=2091%2C578&ssl=1","contentUrl":"https:\/\/i0.wp.com\/faculdadeguerra.edu.br\/novosite\/wp-content\/uploads\/2025\/03\/logo.png?fit=2091%2C578&ssl=1","width":2091,"height":578,"caption":"Faculdade Guerra"},"image":{"@id":"https:\/\/faculdadeguerra.edu.br\/novosite\/#\/schema\/logo\/image\/"}},{"@type":"Person","@id":"https:\/\/faculdadeguerra.edu.br\/novosite\/#\/schema\/person\/f91628e3b406ec9f0b0e99b1352d7ecc","name":"Conrado Conrado Vitali","image":{"@type":"ImageObject","inLanguage":"pt-BR","@id":"https:\/\/secure.gravatar.com\/avatar\/aeec7634f044d3fa787d458257d52bc6e8a9f3a10639a944291e8f741f45e417?s=96&d=mm&r=g","url":"https:\/\/secure.gravatar.com\/avatar\/aeec7634f044d3fa787d458257d52bc6e8a9f3a10639a944291e8f741f45e417?s=96&d=mm&r=g","contentUrl":"https:\/\/secure.gravatar.com\/avatar\/aeec7634f044d3fa787d458257d52bc6e8a9f3a10639a944291e8f741f45e417?s=96&d=mm&r=g","caption":"Conrado Conrado Vitali"},"url":"https:\/\/faculdadeguerra.edu.br\/novosite\/author\/conrado-vitali\/"}]}},"jetpack_featured_media_url":"https:\/\/i0.wp.com\/faculdadeguerra.edu.br\/novosite\/wp-content\/uploads\/2026\/04\/ChatGPT-Image-28-de-abr.-de-2026-06_09_47.jpg?fit=1536%2C1024&ssl=1","jetpack_sharing_enabled":true,"_links":{"self":[{"href":"https:\/\/faculdadeguerra.edu.br\/novosite\/wp-json\/wp\/v2\/posts\/4535","targetHints":{"allow":["GET"]}}],"collection":[{"href":"https:\/\/faculdadeguerra.edu.br\/novosite\/wp-json\/wp\/v2\/posts"}],"about":[{"href":"https:\/\/faculdadeguerra.edu.br\/novosite\/wp-json\/wp\/v2\/types\/post"}],"author":[{"embeddable":true,"href":"https:\/\/faculdadeguerra.edu.br\/novosite\/wp-json\/wp\/v2\/users\/2"}],"replies":[{"embeddable":true,"href":"https:\/\/faculdadeguerra.edu.br\/novosite\/wp-json\/wp\/v2\/comments?post=4535"}],"version-history":[{"count":2,"href":"https:\/\/faculdadeguerra.edu.br\/novosite\/wp-json\/wp\/v2\/posts\/4535\/revisions"}],"predecessor-version":[{"id":4539,"href":"https:\/\/faculdadeguerra.edu.br\/novosite\/wp-json\/wp\/v2\/posts\/4535\/revisions\/4539"}],"wp:featuredmedia":[{"embeddable":true,"href":"https:\/\/faculdadeguerra.edu.br\/novosite\/wp-json\/wp\/v2\/media\/4533"}],"wp:attachment":[{"href":"https:\/\/faculdadeguerra.edu.br\/novosite\/wp-json\/wp\/v2\/media?parent=4535"}],"wp:term":[{"taxonomy":"category","embeddable":true,"href":"https:\/\/faculdadeguerra.edu.br\/novosite\/wp-json\/wp\/v2\/categories?post=4535"},{"taxonomy":"post_tag","embeddable":true,"href":"https:\/\/faculdadeguerra.edu.br\/novosite\/wp-json\/wp\/v2\/tags?post=4535"}],"curies":[{"name":"wp","href":"https:\/\/api.w.org\/{rel}","templated":true}]}}