{"id":4404,"date":"2026-03-16T10:14:43","date_gmt":"2026-03-16T13:14:43","guid":{"rendered":"https:\/\/faculdadeguerra.edu.br\/novosite\/?p=4404"},"modified":"2026-03-16T10:23:39","modified_gmt":"2026-03-16T13:23:39","slug":"docente-da-faculdade-guerra-publica-artigo-cientifico-sobre-os-desafios-da-seguranca-publica-e-o-papel-da-democracia-no-brasil","status":"publish","type":"post","link":"https:\/\/faculdadeguerra.edu.br\/novosite\/docente-da-faculdade-guerra-publica-artigo-cientifico-sobre-os-desafios-da-seguranca-publica-e-o-papel-da-democracia-no-brasil\/","title":{"rendered":"DOCENTE DA FACULDADE GUERRA PUBLICA ARTIGO CIENT\u00cdFICO SOBRE OS DESAFIOS DA SEGURAN\u00c7A P\u00daBLICA E O PAPEL DA DEMOCRACIA NO BRASIL"},"content":{"rendered":"\n<p><\/p>\n\n\n\n<p><strong><em>Publica\u00e7\u00e3o do professor Henrique Arruda refor\u00e7a o compromisso da Faculdade Guerra com a pesquisa cient\u00edfica e com a forma\u00e7\u00e3o de juristas capazes de refletir criticamente sobre os grandes desafios institucionais do pa\u00eds.<\/em><\/strong><\/p>\n\n\n\n<p>A produ\u00e7\u00e3o acad\u00eamica \u00e9 um dos pilares fundamentais para o desenvolvimento do pensamento jur\u00eddico contempor\u00e2neo. Demonstrando esse compromisso com a pesquisa e o aprofundamento te\u00f3rico, o professor&nbsp;<strong>Henrique P\u00f4rto de Arruda<\/strong>, docente do curso de Direito da Faculdade Guerra, acaba de publicar um importante artigo cient\u00edfico na&nbsp;<strong>Revista DCS (v. 23, n. 88, 2026)<\/strong>.<\/p>\n\n\n\n<p>O trabalho, intitulado&nbsp;<strong>\u201cA \u00daltima Trincheira da Democracia Brasileira: a Seguran\u00e7a P\u00fablica no Brasil entre o Arb\u00edtrio Estatal, Tutela do STF e a Nova Governan\u00e7a Criminal (1988\u20132025)\u201d<\/strong>, foi desenvolvido em coautoria com o pesquisador J\u00falio Edstron Secudino Santos e apresenta uma ampla an\u00e1lise sobre os dilemas estruturais da seguran\u00e7a p\u00fablica brasileira nas \u00faltimas d\u00e9cadas.&nbsp;<\/p>\n\n\n\n<p><strong>Seguran\u00e7a p\u00fablica e democracia em tens\u00e3o<\/strong><\/p>\n\n\n\n<p>No artigo, os autores examinam a seguran\u00e7a p\u00fablica como um dos pontos mais sens\u00edveis do Estado brasileiro. Segundo a pesquisa, o tema representa o espa\u00e7o onde se chocam duas realidades distintas: de um lado, a promessa constitucional de prote\u00e7\u00e3o \u00e0 cidadania e aos direitos fundamentais; de outro, a persist\u00eancia de elevados \u00edndices de viol\u00eancia e desigualdade social no pa\u00eds.&nbsp;<\/p>\n\n\n\n<p>A an\u00e1lise percorre o per\u00edodo que vai da promulga\u00e7\u00e3o da Constitui\u00e7\u00e3o de 1988 at\u00e9 os desafios contempor\u00e2neos projetados para 2025. Utilizando uma abordagem multidisciplinar \u2014 que combina dogm\u00e1tica jur\u00eddica, sociologia da viol\u00eancia e an\u00e1lise estat\u00edstica \u2014 o estudo investiga como o sistema de seguran\u00e7a p\u00fablica brasileiro evoluiu institucionalmente ao longo desse tempo.&nbsp;<\/p>\n\n\n\n<p>Entre os principais temas abordados est\u00e3o:<\/p>\n\n\n\n<ul class=\"wp-block-list\">\n<li>o paradoxo de um Estado que, em determinadas circunst\u00e2ncias, tamb\u00e9m pode produzir ilegalidades;<\/li>\n\n\n\n<li>a persist\u00eancia da chamada \u201cmet\u00e1fora da guerra\u201d na pol\u00edtica de seguran\u00e7a p\u00fablica;<\/li>\n\n\n\n<li>o crescimento da criminalidade organizada e suas novas formas de atua\u00e7\u00e3o, inclusive no ambiente digital;<\/li>\n\n\n\n<li>a implementa\u00e7\u00e3o do Sistema \u00danico de Seguran\u00e7a P\u00fablica (SUSP) e os desafios da coopera\u00e7\u00e3o federativa;<\/li>\n\n\n\n<li>e o papel do Supremo Tribunal Federal na prote\u00e7\u00e3o dos direitos fundamentais e na consolida\u00e7\u00e3o da chamada \u201cdemocracia defensiva\u201d.&nbsp;<\/li>\n<\/ul>\n\n\n\n<p><\/p>\n\n\n\n<p><\/p>\n\n\n\n<p><strong>O papel do STF e os novos desafios da governan\u00e7a criminal<\/strong><\/p>\n\n\n\n<p>Outro eixo central do artigo examina a evolu\u00e7\u00e3o da jurisprud\u00eancia do Supremo Tribunal Federal nas \u00faltimas d\u00e9cadas. Os autores demonstram como a Corte passou gradualmente de uma postura de autoconten\u00e7\u00e3o para uma atua\u00e7\u00e3o mais ativa na defesa da Constitui\u00e7\u00e3o e dos direitos fundamentais, especialmente em temas relacionados \u00e0 pol\u00edtica criminal e ao sistema penitenci\u00e1rio.<\/p>\n\n\n\n<p>Al\u00e9m disso, o estudo aponta transforma\u00e7\u00f5es recentes na din\u00e2mica da viol\u00eancia no pa\u00eds, como a migra\u00e7\u00e3o de parte das atividades criminosas para regi\u00f5es da Amaz\u00f4nia Legal e para o ambiente digital, fen\u00f4menos que exigem novas estrat\u00e9gias de investiga\u00e7\u00e3o e coopera\u00e7\u00e3o internacional.<\/p>\n\n\n\n<p><strong>Seguran\u00e7a p\u00fablica baseada em direitos e intelig\u00eancia<\/strong><\/p>\n\n\n\n<p>Ao final da pesquisa, os autores defendem que a supera\u00e7\u00e3o da crise da seguran\u00e7a p\u00fablica no Brasil depende de uma mudan\u00e7a de paradigma. Em vez de pol\u00edticas baseadas exclusivamente no confronto armado, o artigo prop\u00f5e uma estrat\u00e9gia fundada em intelig\u00eancia investigativa, integra\u00e7\u00e3o federativa e respeito aos direitos fundamentais.<\/p>\n\n\n\n<p>Segundo a conclus\u00e3o do estudo, a seguran\u00e7a p\u00fablica efetiva deve priorizar a preserva\u00e7\u00e3o da vida e o devido processo legal, consolidando um modelo de \u201cconstitucionalismo da efetividade\u201d, no qual a democracia e o Estado de Direito se tornam os principais instrumentos de enfrentamento da viol\u00eancia.&nbsp;<\/p>\n\n\n\n<p><strong>Sobre a Revista<\/strong><\/p>\n\n\n\n<figure class=\"wp-block-image size-large is-resized\"><img data-recalc-dims=\"1\" fetchpriority=\"high\" decoding=\"async\" width=\"800\" height=\"660\" src=\"https:\/\/i0.wp.com\/faculdadeguerra.edu.br\/novosite\/wp-content\/uploads\/2026\/03\/Captura-de-Tela-2026-03-16-as-10.08.09.jpg?resize=800%2C660&#038;ssl=1\" alt=\"\" class=\"wp-image-4405\" style=\"width:769px;height:auto\" srcset=\"https:\/\/i0.wp.com\/faculdadeguerra.edu.br\/novosite\/wp-content\/uploads\/2026\/03\/Captura-de-Tela-2026-03-16-as-10.08.09.jpg?resize=1024%2C845&amp;ssl=1 1024w, https:\/\/i0.wp.com\/faculdadeguerra.edu.br\/novosite\/wp-content\/uploads\/2026\/03\/Captura-de-Tela-2026-03-16-as-10.08.09.jpg?resize=300%2C248&amp;ssl=1 300w, https:\/\/i0.wp.com\/faculdadeguerra.edu.br\/novosite\/wp-content\/uploads\/2026\/03\/Captura-de-Tela-2026-03-16-as-10.08.09.jpg?resize=768%2C634&amp;ssl=1 768w, https:\/\/i0.wp.com\/faculdadeguerra.edu.br\/novosite\/wp-content\/uploads\/2026\/03\/Captura-de-Tela-2026-03-16-as-10.08.09.jpg?resize=1536%2C1268&amp;ssl=1 1536w, https:\/\/i0.wp.com\/faculdadeguerra.edu.br\/novosite\/wp-content\/uploads\/2026\/03\/Captura-de-Tela-2026-03-16-as-10.08.09.jpg?w=1776&amp;ssl=1 1776w, https:\/\/i0.wp.com\/faculdadeguerra.edu.br\/novosite\/wp-content\/uploads\/2026\/03\/Captura-de-Tela-2026-03-16-as-10.08.09.jpg?w=1600&amp;ssl=1 1600w\" sizes=\"(max-width: 800px) 100vw, 800px\" \/><\/figure>\n\n\n\n<p>                               Imagem mostra p\u00e1gina inicial da revista DCS, peri\u00f3dico t\u00e9cnico-cient\u00edfico<\/p>\n\n\n\n<p><\/p>\n\n\n\n<p>A revista &nbsp;<strong>Derecho y Cambio Social \u2013 DCS<\/strong>&nbsp;(ISSN: 2224-4131) \u00e9 um peri\u00f3dico t\u00e9cnico-cient\u00edfico classificado como&nbsp;<strong>Qualis A2 (2021\u20132024)<\/strong>&nbsp;pela Coordena\u00e7\u00e3o de Aperfei\u00e7oamento de Pessoal de N\u00edvel Superior (CAPES), reconhecida por seu s\u00f3lido compromisso com a produ\u00e7\u00e3o e a difus\u00e3o do conhecimento sob uma perspectiva interdisciplinar. Com mais de duas d\u00e9cadas de trajet\u00f3ria, a revista consolidou-se como um espa\u00e7o qualificado de di\u00e1logo entre diferentes campos do saber, promovendo interc\u00e2mbio acad\u00eamico e cient\u00edfico para al\u00e9m das fronteiras disciplinares tradicionais.<\/p>\n\n\n\n<p>Fundada no ano 2000 pelo professor peruano Dr. Pedro Donaires S\u00e1nchez, a DCS teve origem nas salas de aula da Faculdade de Direito da Universidad Nacional de Cajamarca, no Peru, com a finalidade inicial de divulgar pesquisas nas \u00e1reas jur\u00eddica e social.&nbsp;<\/p>\n\n\n\n<p><\/p>\n\n\n\n<p><strong>Produ\u00e7\u00e3o acad\u00eamica que fortalece o ensino jur\u00eddico<\/strong><\/p>\n\n\n\n<p>A publica\u00e7\u00e3o do professor Henrique Arruda refor\u00e7a o compromisso da Faculdade Guerra com a pesquisa cient\u00edfica e com a forma\u00e7\u00e3o de juristas capazes de refletir criticamente sobre os grandes desafios institucionais do pa\u00eds.<\/p>\n\n\n\n<p>Ao incentivar seus docentes a produzirem conhecimento e participarem do debate acad\u00eamico nacional e internacional, a institui\u00e7\u00e3o reafirma sua voca\u00e7\u00e3o de ser um espa\u00e7o de pensamento, investiga\u00e7\u00e3o e constru\u00e7\u00e3o de solu\u00e7\u00f5es para os problemas contempor\u00e2neos do Direito e da sociedade brasileira.<\/p>\n\n\n\n<p>Trabalhos como este demonstram que, al\u00e9m da excel\u00eancia no ensino, a Faculdade Guerra mant\u00e9m um corpo docente ativo na produ\u00e7\u00e3o cient\u00edfica \u2014 contribuindo para o avan\u00e7o do conhecimento jur\u00eddico e para o fortalecimento das institui\u00e7\u00f5es democr\u00e1ticas no Brasil.<\/p>\n\n\n\n<p><a href=\"https:\/\/ojs.revistadcs.com\/index.php\/revista\/article\/view\/4949\/3874\"><strong>LEIA AQUI O ARTIGO NA \u00cdNTEGRA<\/strong><\/a><\/p>\n\n\n\n<p><\/p>\n","protected":false},"excerpt":{"rendered":"<p>Publica\u00e7\u00e3o do professor Henrique Arruda refor\u00e7a o compromisso da Faculdade Guerra com a pesquisa cient\u00edfica e com a forma\u00e7\u00e3o de juristas capazes de refletir criticamente sobre os grandes desafios institucionais do pa\u00eds. A produ\u00e7\u00e3o acad\u00eamica \u00e9 um dos pilares fundamentais para o desenvolvimento do pensamento jur\u00eddico contempor\u00e2neo. Demonstrando esse compromisso com a pesquisa e o [&hellip;]<\/p>\n","protected":false},"author":2,"featured_media":4406,"comment_status":"closed","ping_status":"open","sticky":false,"template":"","format":"standard","meta":{"_jetpack_memberships_contains_paid_content":false,"_joinchat":[],"footnotes":""},"categories":[243],"tags":[244],"class_list":["post-4404","post","type-post","status-publish","format-standard","has-post-thumbnail","hentry","category-artigos","tag-destaque-16-03-202"],"yoast_head":"<!-- This site is optimized with the Yoast SEO plugin v27.5 - https:\/\/yoast.com\/product\/yoast-seo-wordpress\/ -->\n<title>DOCENTE DA FACULDADE GUERRA PUBLICA ARTIGO CIENT\u00cdFICO SOBRE OS DESAFIOS DA SEGURAN\u00c7A P\u00daBLICA E O PAPEL DA DEMOCRACIA NO BRASIL - Faculdade Guerra<\/title>\n<meta name=\"robots\" content=\"index, follow, max-snippet:-1, max-image-preview:large, max-video-preview:-1\" \/>\n<link rel=\"canonical\" href=\"https:\/\/faculdadeguerra.edu.br\/novosite\/docente-da-faculdade-guerra-publica-artigo-cientifico-sobre-os-desafios-da-seguranca-publica-e-o-papel-da-democracia-no-brasil\/\" \/>\n<meta property=\"og:locale\" content=\"pt_BR\" \/>\n<meta property=\"og:type\" content=\"article\" \/>\n<meta property=\"og:title\" content=\"DOCENTE DA FACULDADE GUERRA PUBLICA ARTIGO CIENT\u00cdFICO SOBRE OS DESAFIOS DA SEGURAN\u00c7A P\u00daBLICA E O PAPEL DA DEMOCRACIA NO BRASIL - Faculdade Guerra\" \/>\n<meta property=\"og:description\" content=\"Publica\u00e7\u00e3o do professor Henrique Arruda refor\u00e7a o compromisso da Faculdade Guerra com a pesquisa cient\u00edfica e com a forma\u00e7\u00e3o de juristas capazes de refletir criticamente sobre os grandes desafios institucionais do pa\u00eds. A produ\u00e7\u00e3o acad\u00eamica \u00e9 um dos pilares fundamentais para o desenvolvimento do pensamento jur\u00eddico contempor\u00e2neo. Demonstrando esse compromisso com a pesquisa e o [&hellip;]\" \/>\n<meta property=\"og:url\" content=\"https:\/\/faculdadeguerra.edu.br\/novosite\/docente-da-faculdade-guerra-publica-artigo-cientifico-sobre-os-desafios-da-seguranca-publica-e-o-papel-da-democracia-no-brasil\/\" \/>\n<meta property=\"og:site_name\" content=\"Faculdade Guerra\" \/>\n<meta property=\"article:published_time\" content=\"2026-03-16T13:14:43+00:00\" \/>\n<meta property=\"article:modified_time\" content=\"2026-03-16T13:23:39+00:00\" \/>\n<meta property=\"og:image\" content=\"https:\/\/faculdadeguerra.edu.br\/novosite\/wp-content\/uploads\/2026\/03\/Captura-de-Tela-2026-03-16-as-09.59.51.jpg\" \/>\n\t<meta property=\"og:image:width\" content=\"1204\" \/>\n\t<meta property=\"og:image:height\" content=\"732\" \/>\n\t<meta property=\"og:image:type\" content=\"image\/jpeg\" \/>\n<meta name=\"author\" content=\"Conrado Conrado Vitali\" \/>\n<meta name=\"twitter:card\" content=\"summary_large_image\" \/>\n<meta name=\"twitter:label1\" content=\"Escrito por\" \/>\n\t<meta name=\"twitter:data1\" content=\"Conrado Conrado Vitali\" \/>\n\t<meta name=\"twitter:label2\" content=\"Est. tempo de leitura\" \/>\n\t<meta name=\"twitter:data2\" content=\"5 minutos\" \/>\n<script type=\"application\/ld+json\" class=\"yoast-schema-graph\">{\"@context\":\"https:\\\/\\\/schema.org\",\"@graph\":[{\"@type\":\"Article\",\"@id\":\"https:\\\/\\\/faculdadeguerra.edu.br\\\/novosite\\\/docente-da-faculdade-guerra-publica-artigo-cientifico-sobre-os-desafios-da-seguranca-publica-e-o-papel-da-democracia-no-brasil\\\/#article\",\"isPartOf\":{\"@id\":\"https:\\\/\\\/faculdadeguerra.edu.br\\\/novosite\\\/docente-da-faculdade-guerra-publica-artigo-cientifico-sobre-os-desafios-da-seguranca-publica-e-o-papel-da-democracia-no-brasil\\\/\"},\"author\":{\"name\":\"Conrado Conrado Vitali\",\"@id\":\"https:\\\/\\\/faculdadeguerra.edu.br\\\/novosite\\\/#\\\/schema\\\/person\\\/f91628e3b406ec9f0b0e99b1352d7ecc\"},\"headline\":\"DOCENTE DA FACULDADE GUERRA PUBLICA ARTIGO CIENT\u00cdFICO SOBRE OS DESAFIOS DA SEGURAN\u00c7A P\u00daBLICA E O PAPEL DA DEMOCRACIA NO BRASIL\",\"datePublished\":\"2026-03-16T13:14:43+00:00\",\"dateModified\":\"2026-03-16T13:23:39+00:00\",\"mainEntityOfPage\":{\"@id\":\"https:\\\/\\\/faculdadeguerra.edu.br\\\/novosite\\\/docente-da-faculdade-guerra-publica-artigo-cientifico-sobre-os-desafios-da-seguranca-publica-e-o-papel-da-democracia-no-brasil\\\/\"},\"wordCount\":965,\"publisher\":{\"@id\":\"https:\\\/\\\/faculdadeguerra.edu.br\\\/novosite\\\/#organization\"},\"image\":{\"@id\":\"https:\\\/\\\/faculdadeguerra.edu.br\\\/novosite\\\/docente-da-faculdade-guerra-publica-artigo-cientifico-sobre-os-desafios-da-seguranca-publica-e-o-papel-da-democracia-no-brasil\\\/#primaryimage\"},\"thumbnailUrl\":\"https:\\\/\\\/i0.wp.com\\\/faculdadeguerra.edu.br\\\/novosite\\\/wp-content\\\/uploads\\\/2026\\\/03\\\/Captura-de-Tela-2026-03-16-as-09.59.51.jpg?fit=1204%2C732&ssl=1\",\"keywords\":[\"Destaque 16\\\/03\\\/202\"],\"articleSection\":[\"Artigos\"],\"inLanguage\":\"pt-BR\"},{\"@type\":\"WebPage\",\"@id\":\"https:\\\/\\\/faculdadeguerra.edu.br\\\/novosite\\\/docente-da-faculdade-guerra-publica-artigo-cientifico-sobre-os-desafios-da-seguranca-publica-e-o-papel-da-democracia-no-brasil\\\/\",\"url\":\"https:\\\/\\\/faculdadeguerra.edu.br\\\/novosite\\\/docente-da-faculdade-guerra-publica-artigo-cientifico-sobre-os-desafios-da-seguranca-publica-e-o-papel-da-democracia-no-brasil\\\/\",\"name\":\"DOCENTE DA FACULDADE GUERRA PUBLICA ARTIGO CIENT\u00cdFICO SOBRE OS DESAFIOS DA SEGURAN\u00c7A P\u00daBLICA E O PAPEL DA DEMOCRACIA NO BRASIL - Faculdade Guerra\",\"isPartOf\":{\"@id\":\"https:\\\/\\\/faculdadeguerra.edu.br\\\/novosite\\\/#website\"},\"primaryImageOfPage\":{\"@id\":\"https:\\\/\\\/faculdadeguerra.edu.br\\\/novosite\\\/docente-da-faculdade-guerra-publica-artigo-cientifico-sobre-os-desafios-da-seguranca-publica-e-o-papel-da-democracia-no-brasil\\\/#primaryimage\"},\"image\":{\"@id\":\"https:\\\/\\\/faculdadeguerra.edu.br\\\/novosite\\\/docente-da-faculdade-guerra-publica-artigo-cientifico-sobre-os-desafios-da-seguranca-publica-e-o-papel-da-democracia-no-brasil\\\/#primaryimage\"},\"thumbnailUrl\":\"https:\\\/\\\/i0.wp.com\\\/faculdadeguerra.edu.br\\\/novosite\\\/wp-content\\\/uploads\\\/2026\\\/03\\\/Captura-de-Tela-2026-03-16-as-09.59.51.jpg?fit=1204%2C732&ssl=1\",\"datePublished\":\"2026-03-16T13:14:43+00:00\",\"dateModified\":\"2026-03-16T13:23:39+00:00\",\"breadcrumb\":{\"@id\":\"https:\\\/\\\/faculdadeguerra.edu.br\\\/novosite\\\/docente-da-faculdade-guerra-publica-artigo-cientifico-sobre-os-desafios-da-seguranca-publica-e-o-papel-da-democracia-no-brasil\\\/#breadcrumb\"},\"inLanguage\":\"pt-BR\",\"potentialAction\":[{\"@type\":\"ReadAction\",\"target\":[\"https:\\\/\\\/faculdadeguerra.edu.br\\\/novosite\\\/docente-da-faculdade-guerra-publica-artigo-cientifico-sobre-os-desafios-da-seguranca-publica-e-o-papel-da-democracia-no-brasil\\\/\"]}]},{\"@type\":\"ImageObject\",\"inLanguage\":\"pt-BR\",\"@id\":\"https:\\\/\\\/faculdadeguerra.edu.br\\\/novosite\\\/docente-da-faculdade-guerra-publica-artigo-cientifico-sobre-os-desafios-da-seguranca-publica-e-o-papel-da-democracia-no-brasil\\\/#primaryimage\",\"url\":\"https:\\\/\\\/i0.wp.com\\\/faculdadeguerra.edu.br\\\/novosite\\\/wp-content\\\/uploads\\\/2026\\\/03\\\/Captura-de-Tela-2026-03-16-as-09.59.51.jpg?fit=1204%2C732&ssl=1\",\"contentUrl\":\"https:\\\/\\\/i0.wp.com\\\/faculdadeguerra.edu.br\\\/novosite\\\/wp-content\\\/uploads\\\/2026\\\/03\\\/Captura-de-Tela-2026-03-16-as-09.59.51.jpg?fit=1204%2C732&ssl=1\",\"width\":1204,\"height\":732},{\"@type\":\"BreadcrumbList\",\"@id\":\"https:\\\/\\\/faculdadeguerra.edu.br\\\/novosite\\\/docente-da-faculdade-guerra-publica-artigo-cientifico-sobre-os-desafios-da-seguranca-publica-e-o-papel-da-democracia-no-brasil\\\/#breadcrumb\",\"itemListElement\":[{\"@type\":\"ListItem\",\"position\":1,\"name\":\"In\u00edcio\",\"item\":\"https:\\\/\\\/faculdadeguerra.edu.br\\\/novosite\\\/\"},{\"@type\":\"ListItem\",\"position\":2,\"name\":\"DOCENTE DA FACULDADE GUERRA PUBLICA ARTIGO CIENT\u00cdFICO SOBRE OS DESAFIOS DA SEGURAN\u00c7A P\u00daBLICA E O PAPEL DA DEMOCRACIA NO BRASIL\"}]},{\"@type\":\"WebSite\",\"@id\":\"https:\\\/\\\/faculdadeguerra.edu.br\\\/novosite\\\/#website\",\"url\":\"https:\\\/\\\/faculdadeguerra.edu.br\\\/novosite\\\/\",\"name\":\"Faculdade Guerra\",\"description\":\"Faculdade Guerra: Excel\u00eancia acad\u00eamica em Direito e Seguran\u00e7a P\u00fablica. Gradua\u00e7\u00e3o, P\u00f3s-Gradua\u00e7\u00e3o e cursos t\u00e9cnicos com infraestrutura moderna e corpo docente renomado. Transforme sua carreira!\",\"publisher\":{\"@id\":\"https:\\\/\\\/faculdadeguerra.edu.br\\\/novosite\\\/#organization\"},\"potentialAction\":[{\"@type\":\"SearchAction\",\"target\":{\"@type\":\"EntryPoint\",\"urlTemplate\":\"https:\\\/\\\/faculdadeguerra.edu.br\\\/novosite\\\/?s={search_term_string}\"},\"query-input\":{\"@type\":\"PropertyValueSpecification\",\"valueRequired\":true,\"valueName\":\"search_term_string\"}}],\"inLanguage\":\"pt-BR\"},{\"@type\":\"Organization\",\"@id\":\"https:\\\/\\\/faculdadeguerra.edu.br\\\/novosite\\\/#organization\",\"name\":\"Faculdade Guerra\",\"url\":\"https:\\\/\\\/faculdadeguerra.edu.br\\\/novosite\\\/\",\"logo\":{\"@type\":\"ImageObject\",\"inLanguage\":\"pt-BR\",\"@id\":\"https:\\\/\\\/faculdadeguerra.edu.br\\\/novosite\\\/#\\\/schema\\\/logo\\\/image\\\/\",\"url\":\"https:\\\/\\\/i0.wp.com\\\/faculdadeguerra.edu.br\\\/novosite\\\/wp-content\\\/uploads\\\/2025\\\/03\\\/logo.png?fit=2091%2C578&ssl=1\",\"contentUrl\":\"https:\\\/\\\/i0.wp.com\\\/faculdadeguerra.edu.br\\\/novosite\\\/wp-content\\\/uploads\\\/2025\\\/03\\\/logo.png?fit=2091%2C578&ssl=1\",\"width\":2091,\"height\":578,\"caption\":\"Faculdade Guerra\"},\"image\":{\"@id\":\"https:\\\/\\\/faculdadeguerra.edu.br\\\/novosite\\\/#\\\/schema\\\/logo\\\/image\\\/\"}},{\"@type\":\"Person\",\"@id\":\"https:\\\/\\\/faculdadeguerra.edu.br\\\/novosite\\\/#\\\/schema\\\/person\\\/f91628e3b406ec9f0b0e99b1352d7ecc\",\"name\":\"Conrado Conrado Vitali\",\"image\":{\"@type\":\"ImageObject\",\"inLanguage\":\"pt-BR\",\"@id\":\"https:\\\/\\\/secure.gravatar.com\\\/avatar\\\/aeec7634f044d3fa787d458257d52bc6e8a9f3a10639a944291e8f741f45e417?s=96&d=mm&r=g\",\"url\":\"https:\\\/\\\/secure.gravatar.com\\\/avatar\\\/aeec7634f044d3fa787d458257d52bc6e8a9f3a10639a944291e8f741f45e417?s=96&d=mm&r=g\",\"contentUrl\":\"https:\\\/\\\/secure.gravatar.com\\\/avatar\\\/aeec7634f044d3fa787d458257d52bc6e8a9f3a10639a944291e8f741f45e417?s=96&d=mm&r=g\",\"caption\":\"Conrado Conrado Vitali\"},\"url\":\"https:\\\/\\\/faculdadeguerra.edu.br\\\/novosite\\\/author\\\/conrado-vitali\\\/\"}]}<\/script>\n<!-- \/ Yoast SEO plugin. -->","yoast_head_json":{"title":"DOCENTE DA FACULDADE GUERRA PUBLICA ARTIGO CIENT\u00cdFICO SOBRE OS DESAFIOS DA SEGURAN\u00c7A P\u00daBLICA E O PAPEL DA DEMOCRACIA NO BRASIL - Faculdade Guerra","robots":{"index":"index","follow":"follow","max-snippet":"max-snippet:-1","max-image-preview":"max-image-preview:large","max-video-preview":"max-video-preview:-1"},"canonical":"https:\/\/faculdadeguerra.edu.br\/novosite\/docente-da-faculdade-guerra-publica-artigo-cientifico-sobre-os-desafios-da-seguranca-publica-e-o-papel-da-democracia-no-brasil\/","og_locale":"pt_BR","og_type":"article","og_title":"DOCENTE DA FACULDADE GUERRA PUBLICA ARTIGO CIENT\u00cdFICO SOBRE OS DESAFIOS DA SEGURAN\u00c7A P\u00daBLICA E O PAPEL DA DEMOCRACIA NO BRASIL - Faculdade Guerra","og_description":"Publica\u00e7\u00e3o do professor Henrique Arruda refor\u00e7a o compromisso da Faculdade Guerra com a pesquisa cient\u00edfica e com a forma\u00e7\u00e3o de juristas capazes de refletir criticamente sobre os grandes desafios institucionais do pa\u00eds. A produ\u00e7\u00e3o acad\u00eamica \u00e9 um dos pilares fundamentais para o desenvolvimento do pensamento jur\u00eddico contempor\u00e2neo. Demonstrando esse compromisso com a pesquisa e o [&hellip;]","og_url":"https:\/\/faculdadeguerra.edu.br\/novosite\/docente-da-faculdade-guerra-publica-artigo-cientifico-sobre-os-desafios-da-seguranca-publica-e-o-papel-da-democracia-no-brasil\/","og_site_name":"Faculdade Guerra","article_published_time":"2026-03-16T13:14:43+00:00","article_modified_time":"2026-03-16T13:23:39+00:00","og_image":[{"width":1204,"height":732,"url":"https:\/\/faculdadeguerra.edu.br\/novosite\/wp-content\/uploads\/2026\/03\/Captura-de-Tela-2026-03-16-as-09.59.51.jpg","type":"image\/jpeg"}],"author":"Conrado Conrado Vitali","twitter_card":"summary_large_image","twitter_misc":{"Escrito por":"Conrado Conrado Vitali","Est. tempo de leitura":"5 minutos"},"schema":{"@context":"https:\/\/schema.org","@graph":[{"@type":"Article","@id":"https:\/\/faculdadeguerra.edu.br\/novosite\/docente-da-faculdade-guerra-publica-artigo-cientifico-sobre-os-desafios-da-seguranca-publica-e-o-papel-da-democracia-no-brasil\/#article","isPartOf":{"@id":"https:\/\/faculdadeguerra.edu.br\/novosite\/docente-da-faculdade-guerra-publica-artigo-cientifico-sobre-os-desafios-da-seguranca-publica-e-o-papel-da-democracia-no-brasil\/"},"author":{"name":"Conrado Conrado Vitali","@id":"https:\/\/faculdadeguerra.edu.br\/novosite\/#\/schema\/person\/f91628e3b406ec9f0b0e99b1352d7ecc"},"headline":"DOCENTE DA FACULDADE GUERRA PUBLICA ARTIGO CIENT\u00cdFICO SOBRE OS DESAFIOS DA SEGURAN\u00c7A P\u00daBLICA E O PAPEL DA DEMOCRACIA NO BRASIL","datePublished":"2026-03-16T13:14:43+00:00","dateModified":"2026-03-16T13:23:39+00:00","mainEntityOfPage":{"@id":"https:\/\/faculdadeguerra.edu.br\/novosite\/docente-da-faculdade-guerra-publica-artigo-cientifico-sobre-os-desafios-da-seguranca-publica-e-o-papel-da-democracia-no-brasil\/"},"wordCount":965,"publisher":{"@id":"https:\/\/faculdadeguerra.edu.br\/novosite\/#organization"},"image":{"@id":"https:\/\/faculdadeguerra.edu.br\/novosite\/docente-da-faculdade-guerra-publica-artigo-cientifico-sobre-os-desafios-da-seguranca-publica-e-o-papel-da-democracia-no-brasil\/#primaryimage"},"thumbnailUrl":"https:\/\/i0.wp.com\/faculdadeguerra.edu.br\/novosite\/wp-content\/uploads\/2026\/03\/Captura-de-Tela-2026-03-16-as-09.59.51.jpg?fit=1204%2C732&ssl=1","keywords":["Destaque 16\/03\/202"],"articleSection":["Artigos"],"inLanguage":"pt-BR"},{"@type":"WebPage","@id":"https:\/\/faculdadeguerra.edu.br\/novosite\/docente-da-faculdade-guerra-publica-artigo-cientifico-sobre-os-desafios-da-seguranca-publica-e-o-papel-da-democracia-no-brasil\/","url":"https:\/\/faculdadeguerra.edu.br\/novosite\/docente-da-faculdade-guerra-publica-artigo-cientifico-sobre-os-desafios-da-seguranca-publica-e-o-papel-da-democracia-no-brasil\/","name":"DOCENTE DA FACULDADE GUERRA PUBLICA ARTIGO CIENT\u00cdFICO SOBRE OS DESAFIOS DA SEGURAN\u00c7A P\u00daBLICA E O PAPEL DA DEMOCRACIA NO BRASIL - Faculdade Guerra","isPartOf":{"@id":"https:\/\/faculdadeguerra.edu.br\/novosite\/#website"},"primaryImageOfPage":{"@id":"https:\/\/faculdadeguerra.edu.br\/novosite\/docente-da-faculdade-guerra-publica-artigo-cientifico-sobre-os-desafios-da-seguranca-publica-e-o-papel-da-democracia-no-brasil\/#primaryimage"},"image":{"@id":"https:\/\/faculdadeguerra.edu.br\/novosite\/docente-da-faculdade-guerra-publica-artigo-cientifico-sobre-os-desafios-da-seguranca-publica-e-o-papel-da-democracia-no-brasil\/#primaryimage"},"thumbnailUrl":"https:\/\/i0.wp.com\/faculdadeguerra.edu.br\/novosite\/wp-content\/uploads\/2026\/03\/Captura-de-Tela-2026-03-16-as-09.59.51.jpg?fit=1204%2C732&ssl=1","datePublished":"2026-03-16T13:14:43+00:00","dateModified":"2026-03-16T13:23:39+00:00","breadcrumb":{"@id":"https:\/\/faculdadeguerra.edu.br\/novosite\/docente-da-faculdade-guerra-publica-artigo-cientifico-sobre-os-desafios-da-seguranca-publica-e-o-papel-da-democracia-no-brasil\/#breadcrumb"},"inLanguage":"pt-BR","potentialAction":[{"@type":"ReadAction","target":["https:\/\/faculdadeguerra.edu.br\/novosite\/docente-da-faculdade-guerra-publica-artigo-cientifico-sobre-os-desafios-da-seguranca-publica-e-o-papel-da-democracia-no-brasil\/"]}]},{"@type":"ImageObject","inLanguage":"pt-BR","@id":"https:\/\/faculdadeguerra.edu.br\/novosite\/docente-da-faculdade-guerra-publica-artigo-cientifico-sobre-os-desafios-da-seguranca-publica-e-o-papel-da-democracia-no-brasil\/#primaryimage","url":"https:\/\/i0.wp.com\/faculdadeguerra.edu.br\/novosite\/wp-content\/uploads\/2026\/03\/Captura-de-Tela-2026-03-16-as-09.59.51.jpg?fit=1204%2C732&ssl=1","contentUrl":"https:\/\/i0.wp.com\/faculdadeguerra.edu.br\/novosite\/wp-content\/uploads\/2026\/03\/Captura-de-Tela-2026-03-16-as-09.59.51.jpg?fit=1204%2C732&ssl=1","width":1204,"height":732},{"@type":"BreadcrumbList","@id":"https:\/\/faculdadeguerra.edu.br\/novosite\/docente-da-faculdade-guerra-publica-artigo-cientifico-sobre-os-desafios-da-seguranca-publica-e-o-papel-da-democracia-no-brasil\/#breadcrumb","itemListElement":[{"@type":"ListItem","position":1,"name":"In\u00edcio","item":"https:\/\/faculdadeguerra.edu.br\/novosite\/"},{"@type":"ListItem","position":2,"name":"DOCENTE DA FACULDADE GUERRA PUBLICA ARTIGO CIENT\u00cdFICO SOBRE OS DESAFIOS DA SEGURAN\u00c7A P\u00daBLICA E O PAPEL DA DEMOCRACIA NO BRASIL"}]},{"@type":"WebSite","@id":"https:\/\/faculdadeguerra.edu.br\/novosite\/#website","url":"https:\/\/faculdadeguerra.edu.br\/novosite\/","name":"Faculdade Guerra","description":"Faculdade Guerra: Excel\u00eancia acad\u00eamica em Direito e Seguran\u00e7a P\u00fablica. Gradua\u00e7\u00e3o, P\u00f3s-Gradua\u00e7\u00e3o e cursos t\u00e9cnicos com infraestrutura moderna e corpo docente renomado. Transforme sua carreira!","publisher":{"@id":"https:\/\/faculdadeguerra.edu.br\/novosite\/#organization"},"potentialAction":[{"@type":"SearchAction","target":{"@type":"EntryPoint","urlTemplate":"https:\/\/faculdadeguerra.edu.br\/novosite\/?s={search_term_string}"},"query-input":{"@type":"PropertyValueSpecification","valueRequired":true,"valueName":"search_term_string"}}],"inLanguage":"pt-BR"},{"@type":"Organization","@id":"https:\/\/faculdadeguerra.edu.br\/novosite\/#organization","name":"Faculdade Guerra","url":"https:\/\/faculdadeguerra.edu.br\/novosite\/","logo":{"@type":"ImageObject","inLanguage":"pt-BR","@id":"https:\/\/faculdadeguerra.edu.br\/novosite\/#\/schema\/logo\/image\/","url":"https:\/\/i0.wp.com\/faculdadeguerra.edu.br\/novosite\/wp-content\/uploads\/2025\/03\/logo.png?fit=2091%2C578&ssl=1","contentUrl":"https:\/\/i0.wp.com\/faculdadeguerra.edu.br\/novosite\/wp-content\/uploads\/2025\/03\/logo.png?fit=2091%2C578&ssl=1","width":2091,"height":578,"caption":"Faculdade Guerra"},"image":{"@id":"https:\/\/faculdadeguerra.edu.br\/novosite\/#\/schema\/logo\/image\/"}},{"@type":"Person","@id":"https:\/\/faculdadeguerra.edu.br\/novosite\/#\/schema\/person\/f91628e3b406ec9f0b0e99b1352d7ecc","name":"Conrado Conrado Vitali","image":{"@type":"ImageObject","inLanguage":"pt-BR","@id":"https:\/\/secure.gravatar.com\/avatar\/aeec7634f044d3fa787d458257d52bc6e8a9f3a10639a944291e8f741f45e417?s=96&d=mm&r=g","url":"https:\/\/secure.gravatar.com\/avatar\/aeec7634f044d3fa787d458257d52bc6e8a9f3a10639a944291e8f741f45e417?s=96&d=mm&r=g","contentUrl":"https:\/\/secure.gravatar.com\/avatar\/aeec7634f044d3fa787d458257d52bc6e8a9f3a10639a944291e8f741f45e417?s=96&d=mm&r=g","caption":"Conrado Conrado Vitali"},"url":"https:\/\/faculdadeguerra.edu.br\/novosite\/author\/conrado-vitali\/"}]}},"jetpack_featured_media_url":"https:\/\/i0.wp.com\/faculdadeguerra.edu.br\/novosite\/wp-content\/uploads\/2026\/03\/Captura-de-Tela-2026-03-16-as-09.59.51.jpg?fit=1204%2C732&ssl=1","jetpack_sharing_enabled":true,"_links":{"self":[{"href":"https:\/\/faculdadeguerra.edu.br\/novosite\/wp-json\/wp\/v2\/posts\/4404","targetHints":{"allow":["GET"]}}],"collection":[{"href":"https:\/\/faculdadeguerra.edu.br\/novosite\/wp-json\/wp\/v2\/posts"}],"about":[{"href":"https:\/\/faculdadeguerra.edu.br\/novosite\/wp-json\/wp\/v2\/types\/post"}],"author":[{"embeddable":true,"href":"https:\/\/faculdadeguerra.edu.br\/novosite\/wp-json\/wp\/v2\/users\/2"}],"replies":[{"embeddable":true,"href":"https:\/\/faculdadeguerra.edu.br\/novosite\/wp-json\/wp\/v2\/comments?post=4404"}],"version-history":[{"count":2,"href":"https:\/\/faculdadeguerra.edu.br\/novosite\/wp-json\/wp\/v2\/posts\/4404\/revisions"}],"predecessor-version":[{"id":4408,"href":"https:\/\/faculdadeguerra.edu.br\/novosite\/wp-json\/wp\/v2\/posts\/4404\/revisions\/4408"}],"wp:featuredmedia":[{"embeddable":true,"href":"https:\/\/faculdadeguerra.edu.br\/novosite\/wp-json\/wp\/v2\/media\/4406"}],"wp:attachment":[{"href":"https:\/\/faculdadeguerra.edu.br\/novosite\/wp-json\/wp\/v2\/media?parent=4404"}],"wp:term":[{"taxonomy":"category","embeddable":true,"href":"https:\/\/faculdadeguerra.edu.br\/novosite\/wp-json\/wp\/v2\/categories?post=4404"},{"taxonomy":"post_tag","embeddable":true,"href":"https:\/\/faculdadeguerra.edu.br\/novosite\/wp-json\/wp\/v2\/tags?post=4404"}],"curies":[{"name":"wp","href":"https:\/\/api.w.org\/{rel}","templated":true}]}}